{"id":4472,"date":"2019-11-13T08:03:54","date_gmt":"2019-11-13T11:03:54","guid":{"rendered":"https:\/\/blogs.correiobraziliense.com.br\/denise\/?p=4472"},"modified":"2019-11-13T08:03:54","modified_gmt":"2019-11-13T11:03:54","slug":"deputados-e-senadores-recebem-jumbao-para-aprovar-pec-paralela","status":"publish","type":"post","link":"https:\/\/blogs.correiobraziliense.com.br\/denise\/deputados-e-senadores-recebem-jumbao-para-aprovar-pec-paralela\/","title":{"rendered":"Deputados e senadores recebem \u201cJumb\u00e3o\u201d para aprovar PEC Paralela"},"content":{"rendered":"<h6><strong>Coluna Bras\u00edlia-DF<\/strong><\/h6>\n<p>Enquanto o presidente do Senado, Davi Alcolumbre (DEM-AP), abria a sess\u00e3o solene para promulgar a reforma da Previd\u00eancia, a Comiss\u00e3o Mista de Or\u00e7amento recebia R$ 15 bilh\u00f5es em projetos de cr\u00e9dito suplementar, com uma grande parte destinada a emendas de deputados e senadores para estados e munic\u00edpios.<\/p>\n<p>H\u00e1 recursos para saneamento, desenvolvimento regional, estradas e uma penca de projetos que far\u00e3o a alegria das bases eleitorais nessa reta final de 2019. Cada um desses projetos, que trazem recursos para v\u00e1rios minist\u00e9rios, \u00e9 carinhosamente apelidado na Casa de \u201cJumb\u00e3o\u201d, numa compara\u00e7\u00e3o ao Boeing 747.<\/p>\n<p>Os \u201cJumb\u00f5es\u201d que aterrissaram no Congresso, avisam alguns l\u00edderes, ser\u00e3o suficientes para aprovar a proposta de emenda constitucional que completa a reforma previdenci\u00e1ria, a PEC Paralela, com vota\u00e7\u00e3o prevista para a pr\u00f3xima ter\u00e7a-feira.<\/p>\n<h2>\n<strong>Jogada de risco I<\/strong><\/h2>\n<p>O maior teste pol\u00edtico de Jair Bolsonaro ser\u00e1 a forma\u00e7\u00e3o do novo partido. Se conseguir consolidar a nova legenda e recuperar a economia, ter\u00e1 um poder de atra\u00e7\u00e3o inclusive sobre os hoje potenciais aliados do governo.<\/p>\n<h2>\n<strong>Jogada de risco II<\/strong><\/h2>\n<p>A ideia de fus\u00e3o entre o PSL de Luciano Bivar e o DEM arrisca levar v\u00e1rios integrantes do DEM a sa\u00edrem do partido. Intramuros, h\u00e1 quem diga que n\u00e3o \u00e9 poss\u00edvel aceitar esse casamento. Especialmente, aqueles mais pr\u00f3ximos ao presidente Jair Bolsonaro.<\/p>\n<h2>\n<strong>Longe da solu\u00e7\u00e3o<\/strong><\/h2>\n<p>Os partidos de centro jogam em v\u00e1rias frentes para tentar aprovar a pris\u00e3o em segunda inst\u00e2ncia. Domingos S\u00e1vio (PSDB-MG), conforme adiantou a coluna na semana passada, joga com a aprova\u00e7\u00e3o de uma mudan\u00e7a no C\u00f3digo de Processo Penal, enquanto Ricardo Barros (PP-PR) aposta num decreto legislativo para transformar o Congresso eleito em 2022 em Constituinte, nos moldes do que foi feito na d\u00e9cada de 80.<\/p>\n<h2>\n<strong>Tapete vermelho, apesar de tudo<\/strong><\/h2>\n<p>Fundado no governo Lula, o grupo Brasil, R\u00fassia, \u00cdndia, China e \u00c1frica do Sul (Brics) est\u00e1 longe de ser a turma preferida do presidente Jair Bolsonaro. Especialmente, depois que o russo Vladimir Putin apoiou Evo Morales, o ex-presidente da Bol\u00edvia exilado no M\u00e9xico. Por\u00e9m, o presidente promete ser o melhor dos anfitri\u00f5es e deixar as rusgas de lado.<\/p>\n<p><strong>Alian\u00e7a no DF\/<\/strong> O nome que desponta como um dos fundadores do novo partido de Jair Bolsonaro no Distrito Federal \u00e9 o do advogado Luiz Felipe Belmonte, suplente do senador Izalci Lucas (PSDB-DF) e marido da deputada Paula Belmonte (Cidadania-DF). Ela deve ficar onde est\u00e1. Bia Kicis segue para a nova legenda.<\/p>\n<p><strong>Desdenhou\/<\/strong> O deputado Delegado Waldir (PSL-GO) passou a tarde dizendo aos colegas no plen\u00e1rio que \u201cBolsonaro est\u00e1 vendendo terreno na Lua com essa hist\u00f3ria de novo partido. Leva-se muito tempo para montar uma legenda\u201d.<\/p>\n<p><strong>Botou f\u00e9?\/<\/strong> Os bolsonaristas, entretanto, t\u00eam certeza de que o prest\u00edgio do presidente e as perspectivas de melhora na economia s\u00e3o suficientes para construir a nova agremia\u00e7\u00e3o sem problemas.<\/p>\n<p><strong>\u201cCarnaBrics\u201d\/<\/strong> \u00c9 assim que as excel\u00eancias se referem ao fechamento da Esplanada hoje por causa da reuni\u00e3o de c\u00fapula do grupo formado por Brasil, R\u00fassia, \u00cdndia, China e \u00c1frica do Sul. \u201cSextou\u201d em plena ter\u00e7a-feira, com direito a cinco dias de folga para as reparti\u00e7\u00f5es p\u00fablicas dos Poderes da Rep\u00fablica, incluindo o fim de semana.<\/p>\n","protected":false},"excerpt":{"rendered":"<p>Coluna Bras\u00edlia-DF Enquanto o presidente do Senado, Davi Alcolumbre (DEM-AP), abria a sess\u00e3o solene para promulgar a reforma da Previd\u00eancia, a Comiss\u00e3o Mista de Or\u00e7amento recebia R$ 15 bilh\u00f5es em projetos de cr\u00e9dito suplementar, com uma grande parte destinada a emendas de deputados e senadores para estados e munic\u00edpios. H\u00e1 recursos para saneamento, desenvolvimento regional, estradas e uma penca de [&hellip;]<\/p>\n","protected":false},"author":29,"featured_media":4473,"comment_status":"closed","ping_status":"closed","sticky":false,"template":"","format":"standard","meta":{"footnotes":""},"categories":[4],"tags":[],"class_list":["post-4472","post","type-post","status-publish","format-standard","has-post-thumbnail","hentry","category-coluna-brasilia-df"],"_links":{"self":[{"href":"https:\/\/blogs.correiobraziliense.com.br\/denise\/wp-json\/wp\/v2\/posts\/4472","targetHints":{"allow":["GET"]}}],"collection":[{"href":"https:\/\/blogs.correiobraziliense.com.br\/denise\/wp-json\/wp\/v2\/posts"}],"about":[{"href":"https:\/\/blogs.correiobraziliense.com.br\/denise\/wp-json\/wp\/v2\/types\/post"}],"author":[{"embeddable":true,"href":"https:\/\/blogs.correiobraziliense.com.br\/denise\/wp-json\/wp\/v2\/users\/29"}],"replies":[{"embeddable":true,"href":"https:\/\/blogs.correiobraziliense.com.br\/denise\/wp-json\/wp\/v2\/comments?post=4472"}],"version-history":[{"count":1,"href":"https:\/\/blogs.correiobraziliense.com.br\/denise\/wp-json\/wp\/v2\/posts\/4472\/revisions"}],"predecessor-version":[{"id":4474,"href":"https:\/\/blogs.correiobraziliense.com.br\/denise\/wp-json\/wp\/v2\/posts\/4472\/revisions\/4474"}],"wp:featuredmedia":[{"embeddable":true,"href":"https:\/\/blogs.correiobraziliense.com.br\/denise\/wp-json\/wp\/v2\/media\/4473"}],"wp:attachment":[{"href":"https:\/\/blogs.correiobraziliense.com.br\/denise\/wp-json\/wp\/v2\/media?parent=4472"}],"wp:term":[{"taxonomy":"category","embeddable":true,"href":"https:\/\/blogs.correiobraziliense.com.br\/denise\/wp-json\/wp\/v2\/categories?post=4472"},{"taxonomy":"post_tag","embeddable":true,"href":"https:\/\/blogs.correiobraziliense.com.br\/denise\/wp-json\/wp\/v2\/tags?post=4472"}],"curies":[{"name":"wp","href":"https:\/\/api.w.org\/{rel}","templated":true}]}}