{"id":4464,"date":"2019-11-12T08:05:17","date_gmt":"2019-11-12T11:05:17","guid":{"rendered":"https:\/\/blogs.correiobraziliense.com.br\/denise\/?p=4464"},"modified":"2019-11-12T08:05:17","modified_gmt":"2019-11-12T11:05:17","slug":"governo-tenta-entrar-em-tema-mais-sensivel-aos-discursos-da-esquerda","status":"publish","type":"post","link":"https:\/\/blogs.correiobraziliense.com.br\/denise\/governo-tenta-entrar-em-tema-mais-sensivel-aos-discursos-da-esquerda\/","title":{"rendered":"Governo tenta entrar em tema mais sens\u00edvel aos discursos da esquerda"},"content":{"rendered":"<h6><strong>Coluna Bras\u00edlia-DF<\/strong><\/h6>\n<p>Ao restringir a contrata\u00e7\u00e3o do pacote do emprego aos mais jovens \u2014 entre 18 e 29 anos \u2014, o governo tenta entrar na roda daquela parcela que hoje \u00e9 mais sens\u00edvel aos discursos da esquerda. E, de quebra, aposta na camada da popula\u00e7\u00e3o que precisa de qualifica\u00e7\u00e3o profissional para al\u00e7ar voos mais altos no futuro.<\/p>\n<p>Assim, qualificados e trabalhando, os jovens, avaliam os governistas, deixar\u00e3o de ser \u201cmassa de manobra\u201d dos partidos. Afinal, Lula, em suas primeiras falas ao sair da cadeia, destacou o alto desemprego no pa\u00eds. E tem raz\u00e3o quando fala nesse tema. Se a medida gerar novos postos de trabalho, o discurso de Lula cair\u00e1 no vazio.<\/p>\n<h2>\n<strong>Tempo contado<\/strong><\/h2>\n<p>Ao anunciar, hoje, sua sa\u00edda do PSL para um novo partido, o presidente Jair Bolsonaro ter\u00e1 de correr, a fim de que sua nova legenda possa participar das elei\u00e7\u00f5es municipais no ano que vem. O PSD de Gilberto Kassab foi fundado em mar\u00e7o de 2011, ou seja, com uma folga maior para coletar as 500 mil assinaturas e conseguir o registro em tempo de concorrer \u00e0s elei\u00e7\u00f5es. Os especialistas garantem que o tempo para que o partido seja criado e dispute as pr\u00f3ximas elei\u00e7\u00f5es \u00e9 mais do que suficiente.<\/p>\n<h2>\nPau que d\u00e1 em Chico\u2026<\/h2>\n<p>&#8230; D\u00e1 em Francisco, reza o dito popular. Bastou o presidente Jair Bolsonaro mencionar, em entrevista a <em>O Antagonista<\/em>, que a Lei de Seguran\u00e7a Nacional est\u00e1 a\u00ed para ser usada, numa refer\u00eancia a Lula, para que muita gente no parlamento fosse averiguar se bolsonaristas podem ser enquadrados na LSN pelas amea\u00e7as ao presidente do Supremo Tribunal Federal, Dias Toffoli.<\/p>\n<h2>\n<strong>Calma, Lula<\/strong><\/h2>\n<p>O ex-presidente foi aconselhado a medir cada palavra de seu discurso, de forma a n\u00e3o dar margem a que seja enquadrado ou cogitado a enquadramento na Lei de Seguran\u00e7a Nacional. Afinal, Lula est\u00e1 solto, mas ainda tem uma s\u00e9rie de processos a responder e, para completar, uma parcela expressiva da popula\u00e7\u00e3o o considera culpado.<\/p>\n<h2>\n<strong>Desconforto no cl\u00e3<\/strong><\/h2>\n<p>A contar pelo tu\u00edte de Eduardo Bolsonaro, ontem, o governador de S\u00e3o Paulo, Jo\u00e3o Doria, come\u00e7ou a incomodar a fam\u00edlia. O deputado desqualifica todos aqueles que estavam com o seu pai e que agora partiram para a oposi\u00e7\u00e3o, inclusive o general Santos Cruz e Paulo Marinho, cuja casa serviu de QG da campanha bolsonarista.<\/p>\n<h2>\n<strong>Menos, Eduardo, menos<\/strong><\/h2>\n<p>As cr\u00edticas a Doria por parte do filho do presidente preocupam alguns congressistas aliados ao governo, porque Bolsonaro vai precisar dos tucanos para aprovar as reformas que sugere ao Congresso. O senador Jos\u00e9 Serra (PSDB-SP) j\u00e1 criticou o pacote de medidas do ajuste fiscal. At\u00e9 aqui, o PSDB tem sido fiel \u00e0s reformas. Mas, se o governo continuar provocando os advers\u00e1rios t\u00e3o cedo, faltar\u00e3o votos.<\/p>\n<p><strong>Disputa das casas I\/<\/strong> Oito senadores do movimento Muda Senado \u2014 \u00c1lvaro Dias, Oriovisto, Kajuru, Reguffe, Leila Barros, Eduardo Gir\u00e3o, Styvenson Valentim e Lassier Martins \u2014 fizeram uma reuni\u00e3o, ontem, irados por causa do cancelamento da sess\u00e3o em que defenderiam a aprova\u00e7\u00e3o de uma emenda constitucional para fazer valer a pris\u00e3o em segunda inst\u00e2ncia.<\/p>\n<p><strong>Disputa das casas II\/<\/strong> Todos querem o protagonismo nesse tema, que tem apoio popular. Na C\u00e2mara, logo no in\u00edcio da noite, com a discuss\u00e3o na Comiss\u00e3o de Constitui\u00e7\u00e3o e Justi\u00e7a, o tema conseguiu o imposs\u00edvel: reunir os bolsonaristas raiz com os bivaristas.<\/p>\n<p><strong>A porta da rua&#8230;\/<\/strong> \u00c9 a serventia da casa. A contar pelas mensagens que circulam no grupo dos bivaristas dentro do PSL, n\u00e3o haver\u00e1 luto no partido pela sa\u00edda de Jair Bolsonaro da legenda.<\/p>\n<p><strong>Informa\u00e7\u00e3o preciosa<\/strong>\/ O economista Paulo Nogueira Batista Jr. lan\u00e7a, hoje, no Carpe Diem, da 104 Sul, \u00e0s 19h, o livro <em>O Brasil n\u00e3o cabe no quintal de ningu\u00e9m<\/em>, em que conta os bastidores das negocia\u00e7\u00f5es que acompanhou e participou tanto nos Brics quanto no FMI. Est\u00e1 previsto, ainda, debate entre o autor e o ex-ministro da Fazenda Nelson Barbosa, com media\u00e7\u00e3o do jornalista Luiz Carlos Azedo.<\/p>\n","protected":false},"excerpt":{"rendered":"<p>Coluna Bras\u00edlia-DF Ao restringir a contrata\u00e7\u00e3o do pacote do emprego aos mais jovens \u2014 entre 18 e 29 anos \u2014, o governo tenta entrar na roda daquela parcela que hoje \u00e9 mais sens\u00edvel aos discursos da esquerda. E, de quebra, aposta na camada da popula\u00e7\u00e3o que precisa de qualifica\u00e7\u00e3o profissional para al\u00e7ar voos mais altos no futuro. Assim, qualificados e [&hellip;]<\/p>\n","protected":false},"author":29,"featured_media":4465,"comment_status":"closed","ping_status":"closed","sticky":false,"template":"","format":"standard","meta":{"footnotes":""},"categories":[4],"tags":[],"class_list":["post-4464","post","type-post","status-publish","format-standard","has-post-thumbnail","hentry","category-coluna-brasilia-df"],"_links":{"self":[{"href":"https:\/\/blogs.correiobraziliense.com.br\/denise\/wp-json\/wp\/v2\/posts\/4464","targetHints":{"allow":["GET"]}}],"collection":[{"href":"https:\/\/blogs.correiobraziliense.com.br\/denise\/wp-json\/wp\/v2\/posts"}],"about":[{"href":"https:\/\/blogs.correiobraziliense.com.br\/denise\/wp-json\/wp\/v2\/types\/post"}],"author":[{"embeddable":true,"href":"https:\/\/blogs.correiobraziliense.com.br\/denise\/wp-json\/wp\/v2\/users\/29"}],"replies":[{"embeddable":true,"href":"https:\/\/blogs.correiobraziliense.com.br\/denise\/wp-json\/wp\/v2\/comments?post=4464"}],"version-history":[{"count":1,"href":"https:\/\/blogs.correiobraziliense.com.br\/denise\/wp-json\/wp\/v2\/posts\/4464\/revisions"}],"predecessor-version":[{"id":4466,"href":"https:\/\/blogs.correiobraziliense.com.br\/denise\/wp-json\/wp\/v2\/posts\/4464\/revisions\/4466"}],"wp:featuredmedia":[{"embeddable":true,"href":"https:\/\/blogs.correiobraziliense.com.br\/denise\/wp-json\/wp\/v2\/media\/4465"}],"wp:attachment":[{"href":"https:\/\/blogs.correiobraziliense.com.br\/denise\/wp-json\/wp\/v2\/media?parent=4464"}],"wp:term":[{"taxonomy":"category","embeddable":true,"href":"https:\/\/blogs.correiobraziliense.com.br\/denise\/wp-json\/wp\/v2\/categories?post=4464"},{"taxonomy":"post_tag","embeddable":true,"href":"https:\/\/blogs.correiobraziliense.com.br\/denise\/wp-json\/wp\/v2\/tags?post=4464"}],"curies":[{"name":"wp","href":"https:\/\/api.w.org\/{rel}","templated":true}]}}