{"id":4458,"date":"2019-11-11T07:53:06","date_gmt":"2019-11-11T10:53:06","guid":{"rendered":"https:\/\/blogs.correiobraziliense.com.br\/denise\/?p=4458"},"modified":"2019-11-11T07:53:06","modified_gmt":"2019-11-11T10:53:06","slug":"primeiros-acordes-e-seus-reflexos-apos-lula-ser-solto","status":"publish","type":"post","link":"https:\/\/blogs.correiobraziliense.com.br\/denise\/primeiros-acordes-e-seus-reflexos-apos-lula-ser-solto\/","title":{"rendered":"Primeiros acordes e seus reflexos ap\u00f3s Lula ser solto"},"content":{"rendered":"<h6><strong>Coluna Bras\u00edlia-DF<\/strong><\/h6>\n<p>Tudo o que o PT falou ao longo da campanha e no Congresso nos \u00faltimos tempos, sem reflexo na sociedade, Lula repetiu nesse fim de semana do alto do palanque no ABC, num ensaio do que pretende espalhar pelo pa\u00eds: ligar os Bolsonaros aos milicianos do Rio de Janeiro e pedir explica\u00e7\u00f5es sobre o ex-assessor Fabr\u00edcio Queiroz que continua sem esclarecer detalhadamente as transa\u00e7\u00f5es financeiras. Enquanto isso, o presidente Jair Bolsonaro e o ministro da Justi\u00e7a, Sergio Moro, citam o ex-presidente como presidi\u00e1rio, que est\u00e1 condenado em segunda inst\u00e2ncia. Ou seja, s<a href=\"https:\/\/blogs.correiobraziliense.com.br\/denise\/petistas-estao-divididos-sobre-o-que-fazer-apos-lula-ser-solto\/\">olto, mas n\u00e3o completamente livre<\/a>.<\/p>\n<p>\u00bb \u00bb \u00bb<\/p>\n<p>O primeiro resultado desse embate \u00e9 a antecipa\u00e7\u00e3o da guerra eleitoral entre esses personagens j\u00e1 em 2020, nas elei\u00e7\u00f5es municipais. O centro da pol\u00edtica ainda tem esperan\u00e7as de que o eleitor reconhe\u00e7a que \u00e9 poss\u00edvel fazer uma aposta longe dos dois extremos. S\u00f3 tem um probleminha: no momento, Lula e Bolsonaro t\u00eam mais voz junto ao eleitorado. Os demais ainda n\u00e3o deram o ar da gra\u00e7a nessa seara. O \u00fanico que aparece com dois d\u00edgitos nas pesquisas \u00e9 Luciano Huck. N\u00e3o por acaso, Lula e Bolsonaro atacam as organiza\u00e7\u00f5es Globo, onde o apresentador trabalha. \u00c9 ele que veem hoje como o maior advers\u00e1rio.<\/p>\n<h2>\n<strong>Onde mora o perigo I<\/strong><\/h2>\n<p>As mensagens do presidente Jair Bolsonaro pedindo aos seus seguidores que n\u00e3o ca\u00edssem em provoca\u00e7\u00f5es t\u00eam rela\u00e7\u00e3o direta com o receio de que algum mais afoito (para n\u00e3o dizer maluco mesmo) termine cometendo algum atentado contra Lula nessas andan\u00e7as pelo pa\u00eds. Afinal, qualquer coisa que aconte\u00e7a com o petista hoje ser\u00e1 atribu\u00edda aos bolsonaristas.<\/p>\n<h2>\n<strong>Onde mora o perigo II<\/strong><\/h2>\n<p>A reuni\u00e3o do presidente Jair Bolsonaro com os ministros e comandantes militares est\u00e1 diretamente relacionada \u00e0 necessidade de acompanhar o que vem acontecendo no pa\u00eds depois da libera\u00e7\u00e3o de Lula. O momento \u00e9 de tentar tranquilizar os bolsonaristas, mantendo a vis\u00e3o de que Lula \u00e9 culpado e que, terminado o processo, voltar\u00e1 \u00e0 cadeia.<\/p>\n<h2>\n<em><strong>CURTIDAS<\/strong><\/em><\/h2>\n<p><strong>Mistura a\u00ed!\/<\/strong> Na festa de sexta \u00e0 noite em Curitiba, os petistas se referiam \u00e0 volta de Lula e Jos\u00e9 Dirceu \u00e0 cena pol\u00edtica como a chance de \u201climpar\u201d o nome do PT e de tentar colar na popula\u00e7\u00e3o a imagem de que as pris\u00f5es foram pol\u00edticas, tal e qual \u00e0quelas que ocorreram nos tempos da ditadura militar. Assim, esperam deixar para tr\u00e1s os processos que atribuem a ambos participa\u00e7\u00e3o nos esc\u00e2ndalos de desvio de recursos da Petrobras.<\/p>\n<p><strong>Separa a\u00ed\/<\/strong> Os movimentos de rua ontem a favor da pris\u00e3o em segunda inst\u00e2ncia, que muitos consideraram pequenos comparados \u00e0s grandes manifesta\u00e7\u00f5es de 2013, foram apenas o come\u00e7o, no sentido de pressionar a mudan\u00e7a da legisla\u00e7\u00e3o, de forma a prender Lula novamente. Outros vir\u00e3o, bem como milh\u00f5es de assinaturas a fim de pressionar o Congresso a fazer valer essa possibilidade no texto constitucional. A ideia \u00e9 usar a mesma t\u00e1tica que resultou na Lei da Ficha Limpa.<\/p>\n<p><strong>O que interessa\/<\/strong> Da parte do governo, h\u00e1 a certeza de que, se a economia melhorar, Lula continuar\u00e1 discursando para os pr\u00f3prios petistas, sem empolgar a maioria da popula\u00e7\u00e3o que elegeu Jair Bolsonaro.<\/p>\n<p><strong>Boa not\u00edcia\/<\/strong> N\u00e3o \u00e9 s\u00f3 de pacotes amargos que \u00e9 feito o governo. Para a Cop25, a reuni\u00e3o da ONU sobre Mudan\u00e7as Clim\u00e1ticas, o Brasil apresentar\u00e1 um elenco de bons resultados na redu\u00e7\u00e3o de emiss\u00f5es de carbono.<\/p>\n","protected":false},"excerpt":{"rendered":"<p>Coluna Bras\u00edlia-DF Tudo o que o PT falou ao longo da campanha e no Congresso nos \u00faltimos tempos, sem reflexo na sociedade, Lula repetiu nesse fim de semana do alto do palanque no ABC, num ensaio do que pretende espalhar pelo pa\u00eds: ligar os Bolsonaros aos milicianos do Rio de Janeiro e pedir explica\u00e7\u00f5es sobre o ex-assessor Fabr\u00edcio Queiroz que [&hellip;]<\/p>\n","protected":false},"author":29,"featured_media":4460,"comment_status":"closed","ping_status":"closed","sticky":false,"template":"","format":"standard","meta":{"footnotes":""},"categories":[4],"tags":[],"class_list":["post-4458","post","type-post","status-publish","format-standard","has-post-thumbnail","hentry","category-coluna-brasilia-df"],"_links":{"self":[{"href":"https:\/\/blogs.correiobraziliense.com.br\/denise\/wp-json\/wp\/v2\/posts\/4458","targetHints":{"allow":["GET"]}}],"collection":[{"href":"https:\/\/blogs.correiobraziliense.com.br\/denise\/wp-json\/wp\/v2\/posts"}],"about":[{"href":"https:\/\/blogs.correiobraziliense.com.br\/denise\/wp-json\/wp\/v2\/types\/post"}],"author":[{"embeddable":true,"href":"https:\/\/blogs.correiobraziliense.com.br\/denise\/wp-json\/wp\/v2\/users\/29"}],"replies":[{"embeddable":true,"href":"https:\/\/blogs.correiobraziliense.com.br\/denise\/wp-json\/wp\/v2\/comments?post=4458"}],"version-history":[{"count":1,"href":"https:\/\/blogs.correiobraziliense.com.br\/denise\/wp-json\/wp\/v2\/posts\/4458\/revisions"}],"predecessor-version":[{"id":4461,"href":"https:\/\/blogs.correiobraziliense.com.br\/denise\/wp-json\/wp\/v2\/posts\/4458\/revisions\/4461"}],"wp:featuredmedia":[{"embeddable":true,"href":"https:\/\/blogs.correiobraziliense.com.br\/denise\/wp-json\/wp\/v2\/media\/4460"}],"wp:attachment":[{"href":"https:\/\/blogs.correiobraziliense.com.br\/denise\/wp-json\/wp\/v2\/media?parent=4458"}],"wp:term":[{"taxonomy":"category","embeddable":true,"href":"https:\/\/blogs.correiobraziliense.com.br\/denise\/wp-json\/wp\/v2\/categories?post=4458"},{"taxonomy":"post_tag","embeddable":true,"href":"https:\/\/blogs.correiobraziliense.com.br\/denise\/wp-json\/wp\/v2\/tags?post=4458"}],"curies":[{"name":"wp","href":"https:\/\/api.w.org\/{rel}","templated":true}]}}