{"id":4441,"date":"2019-11-07T08:23:26","date_gmt":"2019-11-07T11:23:26","guid":{"rendered":"https:\/\/blogs.correiobraziliense.com.br\/denise\/?p=4441"},"modified":"2019-11-07T08:23:26","modified_gmt":"2019-11-07T11:23:26","slug":"resultado-do-megaleilao-vira-kriptonita","status":"publish","type":"post","link":"https:\/\/blogs.correiobraziliense.com.br\/denise\/resultado-do-megaleilao-vira-kriptonita\/","title":{"rendered":"Resultado do megaleil\u00e3o vira kriptonita"},"content":{"rendered":"<h6><strong>Coluna Bras\u00edlia-DF<\/strong><\/h6>\n<p>O resultado abaixo do esperado na venda dos lotes do pr\u00e9-sal leva os partidos de centro no Congresso a colocar p\u00e9 no freio do programa de privatiza\u00e7\u00f5es defendido pelo governo. N\u00e3o s\u00e3o poucos os l\u00edderes que dizem, em conversas reservadas, que o projeto de privatiza\u00e7\u00e3o da Eletrobras ser\u00e1 alterado, repetindo o discurso proferido pelo l\u00edder do MDB, Eduardo Braga. Nada ser\u00e1 feito de forma apressada, e vem a\u00ed a golden share, ou seja, a\u00e7\u00e3o de ouro, que d\u00e1 \u00e0 Uni\u00e3o poder de veto se n\u00e3o houver respeito ao interesse p\u00fablico.<\/p>\n<p>De quebra, o pacote de medidas levado pelo pr\u00f3prio presidente ao Congresso \u00e9 visto como algo que est\u00e1 na dire\u00e7\u00e3o certa, por\u00e9m o elenco de sen\u00f5es \u00e9 de fazer inveja ao dos filmes de Hollywood. N\u00e3o por acaso, j\u00e1 tem muita gente dizendo que o resultado do megaleil\u00e3o enfraquece a posi\u00e7\u00e3o do governo como a kriptonita faz com o Super-Homem nos quadrinhos, telinhas e telonas.<\/p>\n<h2>\n<strong>L\u00e1 fora, imagem \u00e9 tudo<\/strong><\/h2>\n<p>Estrat\u00e9gia e imagem distorcida no exterior s\u00e3o apontadas por experientes embaixadores como os principais ingredientes para que o megaleil\u00e3o do pr\u00e9-sal ficasse no meio do caminho em termos de expectativas. Uma empresa europeia, por exemplo, precisou mandar nos \u00faltimos 10 meses 16 cartas aos acionistas para explicar que todos os seus neg\u00f3cios por aqui est\u00e3o dentro da legalidade e respeitam acordos internacionais.<\/p>\n<h2>\n<strong>A nova \u201cmaioria\u201d I<\/strong><\/h2>\n<p>MDB, Podemos e PSD v\u00e3o formar a principal base potencialmente aliada do presidente Jair Bolsonaro no Senado. \u00c9 da\u00ed que saem os relatores das propostas de emenda \u00e0 Constitui\u00e7\u00e3o que chegaram ontem \u2014 M\u00e1rcio Bittar (MDB-MG), Oriovisto Guimar\u00e3es (Pode-PR) e Otto Alencar (PSD-BA).<\/p>\n<h2>\n<strong>A nova \u201cmaioria\u201d II<\/strong><\/h2>\n<p>S\u00f3 tem um detalhe: esses tr\u00eas partidos n\u00e3o respondem pela cartilha do governo e, sim, pela pr\u00f3pria. E todos colocam sen\u00f5es \u00e0 extin\u00e7\u00e3o de munic\u00edpios, corte de 25% nos vencimentos dos servidores e ao n\u00e3o cumprimento de decis\u00f5es judiciais, caso n\u00e3o haja previs\u00e3o or\u00e7ament\u00e1ria.<\/p>\n<blockquote>\n<p style=\"text-align: right\">\n&#8220;Prefiro ficar com a boa not\u00edcia, temos menos R$ 70 bilh\u00f5es de problemas\u201d<br \/>\n<strong>Do l\u00edder do governo no Congresso, Eduardo Gomes (MDB-TO), sobre o resultado do megaleil\u00e3o do pr\u00e9-sal<\/strong><\/p>\n<\/blockquote>\n<h2>\n<strong>Enquanto isso, na C\u00e2mara\u2026<\/strong><\/h2>\n<p>A ordem \u00e9 deixar as emendas constitucionais decantarem no Senado e, depois, come\u00e7ar a analisar o pacote quando desembarcar l\u00e1, no ano que vem. Embora Rodrigo Maia diga que tem condi\u00e7\u00f5es de votar at\u00e9 meados do ano que vem, os l\u00edderes do centr\u00e3o n\u00e3o est\u00e3o com tanta pressa.<\/p>\n<h2>\n<em><strong>CURTIDAS<\/strong><\/em><\/h2>\n<p><strong>Guedes virou o \u201ccara\u201d\/<\/strong> Embora tenham restri\u00e7\u00f5es \u00e0s propostas de emendas constitucional, at\u00e9 os parlamentares que n\u00e3o gostam de Paulo Guedes disseram que o ministro da Economia estava muito bem e seguro na apresenta\u00e7\u00e3o que fez aos senadores.<\/p>\n<p><strong>Desculpa a\u00ed, viu?!\/<\/strong> A cada interven\u00e7\u00e3o, ele batia no ombro do senador Ant\u00f4nio Anastasia (PSDB-MG) para dizer que Fernando Henrique Cardoso tem uma s\u00e9rie de erros, da aus\u00eancia de fiscaliza\u00e7\u00e3o ao pacto federativo.<\/p>\n<p><strong>Bolsonaro vai l\u00e1\/<\/strong> Bolsonaro abre a pr\u00f3xima segunda-feira com uma visita a Campina Grande (PB), para inaugurar um conjunto habitacional. Pelo visto, decidiu seguir o conselho de que precisa colocar um p\u00e9 no Nordeste antes que algum aventureiro do seu campo pol\u00edtico o fa\u00e7a.<\/p>\n","protected":false},"excerpt":{"rendered":"<p>Coluna Bras\u00edlia-DF O resultado abaixo do esperado na venda dos lotes do pr\u00e9-sal leva os partidos de centro no Congresso a colocar p\u00e9 no freio do programa de privatiza\u00e7\u00f5es defendido pelo governo. N\u00e3o s\u00e3o poucos os l\u00edderes que dizem, em conversas reservadas, que o projeto de privatiza\u00e7\u00e3o da Eletrobras ser\u00e1 alterado, repetindo o discurso proferido pelo l\u00edder do MDB, Eduardo [&hellip;]<\/p>\n","protected":false},"author":29,"featured_media":4442,"comment_status":"closed","ping_status":"closed","sticky":false,"template":"","format":"standard","meta":{"footnotes":""},"categories":[4],"tags":[],"class_list":["post-4441","post","type-post","status-publish","format-standard","has-post-thumbnail","hentry","category-coluna-brasilia-df"],"_links":{"self":[{"href":"https:\/\/blogs.correiobraziliense.com.br\/denise\/wp-json\/wp\/v2\/posts\/4441","targetHints":{"allow":["GET"]}}],"collection":[{"href":"https:\/\/blogs.correiobraziliense.com.br\/denise\/wp-json\/wp\/v2\/posts"}],"about":[{"href":"https:\/\/blogs.correiobraziliense.com.br\/denise\/wp-json\/wp\/v2\/types\/post"}],"author":[{"embeddable":true,"href":"https:\/\/blogs.correiobraziliense.com.br\/denise\/wp-json\/wp\/v2\/users\/29"}],"replies":[{"embeddable":true,"href":"https:\/\/blogs.correiobraziliense.com.br\/denise\/wp-json\/wp\/v2\/comments?post=4441"}],"version-history":[{"count":2,"href":"https:\/\/blogs.correiobraziliense.com.br\/denise\/wp-json\/wp\/v2\/posts\/4441\/revisions"}],"predecessor-version":[{"id":4444,"href":"https:\/\/blogs.correiobraziliense.com.br\/denise\/wp-json\/wp\/v2\/posts\/4441\/revisions\/4444"}],"wp:featuredmedia":[{"embeddable":true,"href":"https:\/\/blogs.correiobraziliense.com.br\/denise\/wp-json\/wp\/v2\/media\/4442"}],"wp:attachment":[{"href":"https:\/\/blogs.correiobraziliense.com.br\/denise\/wp-json\/wp\/v2\/media?parent=4441"}],"wp:term":[{"taxonomy":"category","embeddable":true,"href":"https:\/\/blogs.correiobraziliense.com.br\/denise\/wp-json\/wp\/v2\/categories?post=4441"},{"taxonomy":"post_tag","embeddable":true,"href":"https:\/\/blogs.correiobraziliense.com.br\/denise\/wp-json\/wp\/v2\/tags?post=4441"}],"curies":[{"name":"wp","href":"https:\/\/api.w.org\/{rel}","templated":true}]}}