{"id":4438,"date":"2019-11-06T08:37:14","date_gmt":"2019-11-06T11:37:14","guid":{"rendered":"https:\/\/blogs.correiobraziliense.com.br\/denise\/?p=4438"},"modified":"2019-11-06T08:37:14","modified_gmt":"2019-11-06T11:37:14","slug":"extincao-de-municipios-nao-deve-ser-aprovada-no-congresso","status":"publish","type":"post","link":"https:\/\/blogs.correiobraziliense.com.br\/denise\/extincao-de-municipios-nao-deve-ser-aprovada-no-congresso\/","title":{"rendered":"Extin\u00e7\u00e3o de munic\u00edpios n\u00e3o deve ser aprovada no Congresso"},"content":{"rendered":"<h6><strong>Coluna Bras\u00edlia-DF<\/strong><\/h6>\n<p>Os partidos tiraram as lupas das gavetas para ler todas as letras das propostas encaminhadas ontem pelo governo para avaliar tudo nos detalhes, onde reside a besta-fera. E, antes mesmo deste pente-fino, j\u00e1 t\u00eam alguns pontos para \u201cdesidratar\u201d \u2014 para ficar na letra que o ministro Paulo Guedes destacou \u2014 desvincular, desindexar, desvincular. A extin\u00e7\u00e3o de munic\u00edpios, por exemplo, n\u00e3o deve ser aprovada, ainda mais porque no ano que vem, quando a discuss\u00e3o do pacote vai esquentar, tem elei\u00e7\u00e3o.<\/p>\n<p>\u00bb \u00bb \u00bb<\/p>\n<p>Por\u00e9m, as excel\u00eancias est\u00e3o encantadas com a perspectiva de criar um fundo para execu\u00e7\u00e3o das emendas ao Or\u00e7amento da Uni\u00e3o e a descentraliza\u00e7\u00e3o de recursos para estados e munic\u00edpios. Por a\u00ed, passa boi. E onde passa boi, passa boiada.<\/p>\n<h2>\n<strong>Colado na economia<\/strong><\/h2>\n<p>O gesto do presidente Jair Bolsonaro, ao levar o pacote de medidas do Plano Novo Brasil pessoalmente ao Congresso, foi lido como um desejo de n\u00e3o deixar que seus advers\u00e1rios nos partidos de centro tentem separ\u00e1-lo das boas novas esperadas na \u00e1rea econ\u00f4mica. N\u00e3o tem essa de governo de Paulo Guedes e governo de Jair Bolsonaro \u2014 \u00e9 o que mais se ouvia ontem na comemora\u00e7\u00e3o de 300 dias de gest\u00e3o no Planalto.<\/p>\n<h2>\n<strong>300 dias e uma puni\u00e7\u00e3o<\/strong><\/h2>\n<p>Os pacotes de medidas que o governo enviou e enviar\u00e1 ao Congresso esta semana v\u00e3o ocupar os parlamentares por um bom tempo. N\u00e3o v\u00e3o, por\u00e9m, evitar que o Conselho de \u00c9tica da C\u00e2mara analise o caso Eduardo Bolsonaro e a declara\u00e7\u00e3o a respeito do AI-5.<\/p>\n<h2>\n<strong>A guerra da privatiza\u00e7\u00e3o I<\/strong><\/h2>\n<p>Movimentos contr\u00e1rios \u00e0 privatiza\u00e7\u00e3o da Eletrobras est\u00e3o preparando uma recep\u00e7\u00e3o para o projeto que chega hoje ao Congresso. Inundaram os WhatsApps e caixas postais das excel\u00eancias com um v\u00eddeo que compila declara\u00e7\u00f5es do presidente Jair Bolsonaro ao longo da campanha prometendo n\u00e3o privatizar essa \u201c\u00e1rea estrat\u00e9gica\u201d.<\/p>\n<h2>\n<strong>A guerra da privatiza\u00e7\u00e3o II<\/strong><\/h2>\n<p>Esses setores tamb\u00e9m v\u00e3o turbinar o projeto que o deputado Aguinaldo Ribeiro (PP-PB) est\u00e1 defendendo para criar um conselho dando mais poderes ao Congresso em decis\u00f5es sobre venda de estatais a empresas estrangeiras.<\/p>\n<h2>\n<strong>Mudan\u00e7a de h\u00e1bito<\/strong><\/h2>\n<p>Em mais uma opera\u00e7\u00e3o da Lava-Jato sobre integrantes do MDB, chamou a aten\u00e7\u00e3o as intima\u00e7\u00f5es a senadores para que prestassem depoimento. N\u00e3o se partiu direto com condu\u00e7\u00f5es coercitivas. Sinal de altera\u00e7\u00f5es no modus operandi.<\/p>\n<h2>\n<strong>Curtidas<\/strong><\/h2>\n<p><strong>E agora?\/<\/strong> No almo\u00e7o dos senadores da Comiss\u00e3o de Assuntos Econ\u00f4micos com o presidente do Banco Central, Roberto Campos Neto, o tema central foi a queda dos juros. L\u00e1 pelas tantas, a senadora K\u00e1tia Abreu (PDT-TO) saca uma proposta: \u201cVamos acabar com o cheque especial?\u201d<\/p>\n<p><strong>Cara de paisagem\/<\/strong> Roberto Campos Neto s\u00f3 ouviu e fingiu que n\u00e3o era com ele. Essa forma de cr\u00e9dito \u00e9 hoje a galinha dos ovos de ouro dos bancos. Mas muitos senadores sa\u00edram de l\u00e1 empolgados com a ideia.<\/p>\n<p><strong>Por falar em senadores\u2026 \/<\/strong> O presidente da CAE, Omar Aziz, saiu-se com esta, quando lhe perguntaram sobre o epis\u00f3dio Eduardo Bolsonaro: \u201cN\u00e3o tem que cassar, tem que perdoar, porque ele nem sabe do que est\u00e1 falando. Pediu a pr\u00f3pria cassa\u00e7\u00e3o do pai, coitado. Imagina se, com AI-5, general ia bater contin\u00eancia para capit\u00e3o?!!!\u201d<\/p>\n<p><strong>O plano B de Moro\/<\/strong> O ministro da Justi\u00e7a, S\u00e9rgio Moro, acompanha os movimentos do Supremo Tribunal Federal (STF) sobre a segunda inst\u00e2ncia arrumando as pe\u00e7as do pr\u00f3prio tabuleiro. Em jantar do site Poder 360, disse que um entendimento por 6 a 5 dificilmente pode ser classificado como cl\u00e1usula p\u00e9trea. \u201cO Supremo interpreta uma norma. N\u00e3o tem nenhum problema rever a norma quando se entende que a interpreta\u00e7\u00e3o n\u00e3o \u00e9 a desejada. Faz parte do papel do Congresso\u201d. V\u00eam muitas emo\u00e7\u00f5es em todos os campos.<\/p>\n","protected":false},"excerpt":{"rendered":"<p>Coluna Bras\u00edlia-DF Os partidos tiraram as lupas das gavetas para ler todas as letras das propostas encaminhadas ontem pelo governo para avaliar tudo nos detalhes, onde reside a besta-fera. E, antes mesmo deste pente-fino, j\u00e1 t\u00eam alguns pontos para \u201cdesidratar\u201d \u2014 para ficar na letra que o ministro Paulo Guedes destacou \u2014 desvincular, desindexar, desvincular. A extin\u00e7\u00e3o de munic\u00edpios, por [&hellip;]<\/p>\n","protected":false},"author":29,"featured_media":4439,"comment_status":"closed","ping_status":"closed","sticky":false,"template":"","format":"standard","meta":{"footnotes":""},"categories":[4],"tags":[],"class_list":["post-4438","post","type-post","status-publish","format-standard","has-post-thumbnail","hentry","category-coluna-brasilia-df"],"_links":{"self":[{"href":"https:\/\/blogs.correiobraziliense.com.br\/denise\/wp-json\/wp\/v2\/posts\/4438","targetHints":{"allow":["GET"]}}],"collection":[{"href":"https:\/\/blogs.correiobraziliense.com.br\/denise\/wp-json\/wp\/v2\/posts"}],"about":[{"href":"https:\/\/blogs.correiobraziliense.com.br\/denise\/wp-json\/wp\/v2\/types\/post"}],"author":[{"embeddable":true,"href":"https:\/\/blogs.correiobraziliense.com.br\/denise\/wp-json\/wp\/v2\/users\/29"}],"replies":[{"embeddable":true,"href":"https:\/\/blogs.correiobraziliense.com.br\/denise\/wp-json\/wp\/v2\/comments?post=4438"}],"version-history":[{"count":1,"href":"https:\/\/blogs.correiobraziliense.com.br\/denise\/wp-json\/wp\/v2\/posts\/4438\/revisions"}],"predecessor-version":[{"id":4440,"href":"https:\/\/blogs.correiobraziliense.com.br\/denise\/wp-json\/wp\/v2\/posts\/4438\/revisions\/4440"}],"wp:featuredmedia":[{"embeddable":true,"href":"https:\/\/blogs.correiobraziliense.com.br\/denise\/wp-json\/wp\/v2\/media\/4439"}],"wp:attachment":[{"href":"https:\/\/blogs.correiobraziliense.com.br\/denise\/wp-json\/wp\/v2\/media?parent=4438"}],"wp:term":[{"taxonomy":"category","embeddable":true,"href":"https:\/\/blogs.correiobraziliense.com.br\/denise\/wp-json\/wp\/v2\/categories?post=4438"},{"taxonomy":"post_tag","embeddable":true,"href":"https:\/\/blogs.correiobraziliense.com.br\/denise\/wp-json\/wp\/v2\/tags?post=4438"}],"curies":[{"name":"wp","href":"https:\/\/api.w.org\/{rel}","templated":true}]}}