{"id":4429,"date":"2019-11-05T08:21:56","date_gmt":"2019-11-05T11:21:56","guid":{"rendered":"https:\/\/blogs.correiobraziliense.com.br\/denise\/?p=4429"},"modified":"2019-11-05T08:21:56","modified_gmt":"2019-11-05T11:21:56","slug":"perseguidos-pela-familia-bolsonaro-maia-e-bivar-se-unem","status":"publish","type":"post","link":"https:\/\/blogs.correiobraziliense.com.br\/denise\/perseguidos-pela-familia-bolsonaro-maia-e-bivar-se-unem\/","title":{"rendered":"&#8220;Perseguidos&#8221; pela fam\u00edlia Bolsonaro, Maia e Bivar se unem"},"content":{"rendered":"<h6><strong>Coluna Bras\u00edlia-DF<\/strong><\/h6>\n<p>Na situa\u00e7\u00e3o de bombardeados pela fam\u00edlia do presidente Jair Bolsonaro, o presidente da C\u00e2mara, Rodrigo Maia, e o do PSL, Luciano Bivar, combinaram fazer todo o poss\u00edvel para tentar aprovar o pacote que o ministro da Economia, Paulo Guedes, apresentar\u00e1 hoje ao Congresso. Nenhum dos dois quer dar ao presidente Jair Bolsonaro o gostinho de poder dizer, mais \u00e0 frente, que Maia e Bivar atrapalharam os planos do governo.<\/p>\n<p><strong>Em tempo:<\/strong> ambos apostam, ainda, que o presidente da Rep\u00fablica n\u00e3o est\u00e1 blefando quando diz que partir\u00e1 em breve para a funda\u00e7\u00e3o de um novo partido. Nesse caso, embora n\u00e3o seja f\u00e1cil criar uma legenda, quem perde \u00e9 Bivar. A tend\u00eancia \u00e9 sua bancada cair \u00e0 metade.<\/p>\n<h2>\n<strong>Enquanto isso, no Planalto\u2026<\/strong><\/h2>\n<p>O presidente Jair Bolsonaro e seus assessores observam a situa\u00e7\u00e3o na Bol\u00edvia, pa\u00eds vizinho do Brasil, onde os protestos de rua se tornam t\u00e3o graves quanto no Chile. A Bol\u00edvia \u00e9 o quarto pa\u00eds sul-americano a passar por essa onda que j\u00e1 atingiu Equador e Peru.<\/p>\n<h2>\n<strong>\u2026 o olho l\u00e1 e aqui<\/strong><\/h2>\n<p>Al\u00e9m da situa\u00e7\u00e3o na fronteira com a Bol\u00edvia, o governo avalia as chances de aprova\u00e7\u00e3o do pacote de medidas da reforma administrativa ainda este ano. A contar pelas primeiras previs\u00f5es que chegaram ao presidente, se passar pela Comiss\u00e3o de Constitui\u00e7\u00e3o e Justi\u00e7a, estar\u00e1 de bom tamanho.<\/p>\n<h2>\n<strong>E o general, hein?<\/strong><\/h2>\n<p>Segundo general a deixar o Planalto (o primeiro foi Santos Cruz), Santa Rosa se desentendeu com o ministro da Secretaria-Geral da Presid\u00eancia, Jorge Oliveira. No governo, h\u00e1 quem diga que o general estava meio escanteado por Oliveira, porque havia sido nomeado pelo antecessor, Gustavo Bebbiano.<\/p>\n<h2>\n<strong>Curtidas<\/strong><\/h2>\n<p><strong>Eduardo Bolsonaro\/<\/strong> A temperatura da fogueira ser\u00e1 medida hoje, mas ningu\u00e9m aposta em cassa\u00e7\u00e3o do mandato por causa das declara\u00e7\u00f5es sobre AI-5.<\/p>\n<p><strong>Esquenta dos Brics I\/<\/strong> Autoridades do Brasil e da R\u00fassia v\u00e3o aproveitar a viagem para a reuni\u00e3o dos Brics (Brasil, R\u00fassia, \u00cdndia, China e \u00c1frica do Sul) e promover o 1\u00ba F\u00f3rum Comercial de Investimentos entre os dois pa\u00edses, na pr\u00f3xima segunda-feira, 11, no audit\u00f3rio do Iesb, em Bras\u00edlia.<\/p>\n<p><strong>Sem roleta-russa\/<\/strong> Pelo menos tr\u00eas ministros brasileiros estar\u00e3o presentes, Tereza Cristina (Agricultura), Tarc\u00edsio de Freitas (Infraestrutura) e Marcos Pontes (Ci\u00eancia, Tecnologia, Inova\u00e7\u00e3o e Comunica\u00e7\u00f5es). O potencial de atra\u00e7\u00e3o de investimentos russos para os setores de infraestrutura e tecnologia \u00e9 de US$ 50 bilh\u00f5es, segundo os organizadores do evento.<\/p>\n<p><strong>Irm\u00e3 Dulce e Dom S\u00e9rgio\/<\/strong> Santa Dulce dos Pobres recebe hoje o t\u00edtulo Doutor Honoris Causa post mortem da Universidade Cat\u00f3lica de Bras\u00edlia. Na mesma solenidade, o cardeal Dom S\u00e9rgio da Rocha, arcebispo metropolitano de Bras\u00edlia, receber\u00e1 o t\u00edtulo de Doutor Honoris Causa por sua dedica\u00e7\u00e3o \u00e0 forma\u00e7\u00e3o humana e acad\u00eamica. A cerim\u00f4nia ser\u00e1 no c\u00e2mpus de Taguatinga, \u00e0s 18h.<\/p>\n<p><strong>Devoto sempre presente\/<\/strong> O ex-presidente Jos\u00e9 Sarney est\u00e1 entre os convidados de honra para essa solenidade, no Teatro da Universidade Cat\u00f3lica. Quem conviveu com a Santa n\u00e3o perde suas homenagens.<\/p>\n","protected":false},"excerpt":{"rendered":"<p>Coluna Bras\u00edlia-DF Na situa\u00e7\u00e3o de bombardeados pela fam\u00edlia do presidente Jair Bolsonaro, o presidente da C\u00e2mara, Rodrigo Maia, e o do PSL, Luciano Bivar, combinaram fazer todo o poss\u00edvel para tentar aprovar o pacote que o ministro da Economia, Paulo Guedes, apresentar\u00e1 hoje ao Congresso. Nenhum dos dois quer dar ao presidente Jair Bolsonaro o gostinho de poder dizer, mais [&hellip;]<\/p>\n","protected":false},"author":29,"featured_media":4431,"comment_status":"closed","ping_status":"closed","sticky":false,"template":"","format":"standard","meta":{"footnotes":""},"categories":[4],"tags":[],"class_list":["post-4429","post","type-post","status-publish","format-standard","has-post-thumbnail","hentry","category-coluna-brasilia-df"],"_links":{"self":[{"href":"https:\/\/blogs.correiobraziliense.com.br\/denise\/wp-json\/wp\/v2\/posts\/4429","targetHints":{"allow":["GET"]}}],"collection":[{"href":"https:\/\/blogs.correiobraziliense.com.br\/denise\/wp-json\/wp\/v2\/posts"}],"about":[{"href":"https:\/\/blogs.correiobraziliense.com.br\/denise\/wp-json\/wp\/v2\/types\/post"}],"author":[{"embeddable":true,"href":"https:\/\/blogs.correiobraziliense.com.br\/denise\/wp-json\/wp\/v2\/users\/29"}],"replies":[{"embeddable":true,"href":"https:\/\/blogs.correiobraziliense.com.br\/denise\/wp-json\/wp\/v2\/comments?post=4429"}],"version-history":[{"count":1,"href":"https:\/\/blogs.correiobraziliense.com.br\/denise\/wp-json\/wp\/v2\/posts\/4429\/revisions"}],"predecessor-version":[{"id":4432,"href":"https:\/\/blogs.correiobraziliense.com.br\/denise\/wp-json\/wp\/v2\/posts\/4429\/revisions\/4432"}],"wp:featuredmedia":[{"embeddable":true,"href":"https:\/\/blogs.correiobraziliense.com.br\/denise\/wp-json\/wp\/v2\/media\/4431"}],"wp:attachment":[{"href":"https:\/\/blogs.correiobraziliense.com.br\/denise\/wp-json\/wp\/v2\/media?parent=4429"}],"wp:term":[{"taxonomy":"category","embeddable":true,"href":"https:\/\/blogs.correiobraziliense.com.br\/denise\/wp-json\/wp\/v2\/categories?post=4429"},{"taxonomy":"post_tag","embeddable":true,"href":"https:\/\/blogs.correiobraziliense.com.br\/denise\/wp-json\/wp\/v2\/tags?post=4429"}],"curies":[{"name":"wp","href":"https:\/\/api.w.org\/{rel}","templated":true}]}}