{"id":4424,"date":"2019-11-04T08:32:35","date_gmt":"2019-11-04T11:32:35","guid":{"rendered":"https:\/\/blogs.correiobraziliense.com.br\/denise\/?p=4424"},"modified":"2019-11-04T08:32:35","modified_gmt":"2019-11-04T11:32:35","slug":"guedes-e-citado-como-opcao-para-disputa-presidencial","status":"publish","type":"post","link":"https:\/\/blogs.correiobraziliense.com.br\/denise\/guedes-e-citado-como-opcao-para-disputa-presidencial\/","title":{"rendered":"Guedes \u00e9 citado como op\u00e7\u00e3o para disputa presidencial"},"content":{"rendered":"<h6><strong>Coluna Bras\u00edlia-DF<\/strong><\/h6>\n<p>Muitos podem at\u00e9 achar loucura, mas o ministro da Economia, <strong>Paulo Guedes<\/strong>, j\u00e1 \u00e9 citado nos bastidores como uma op\u00e7\u00e3o pol\u00edtica para o futuro entre os pol\u00edticos. Eles dizem que, nos anos 90, o ent\u00e3o senador <strong>Fernando Henrique Cardoso<\/strong> n\u00e3o tinha votos para se eleger deputado federal por S\u00e3o Paulo. Depois do <strong>Plano Real<\/strong>, entretanto, saiu do <strong>Minist\u00e9rio da Fazenda<\/strong> para disputar a Presid\u00eancia e foi vitorioso.<\/p>\n<h2>\n<strong>A la FHC\u00a0<\/strong><\/h2>\n<p>Se a economia se recuperar nos pr\u00f3ximos dois anos, Paulo Guedes estar\u00e1 no p\u00e1reo. Pelo menos, vai ter gente pedindo que ele seja candidato. O outro lado dessa hist\u00f3ria \u00e9 que, se j\u00e1 tem gente cogitando at\u00e9 Paulo Guedes, o presidente <strong>Bolsonaro<\/strong> ter\u00e1 muito trabalho para obter apoio pol\u00edtico.<\/p>\n","protected":false},"excerpt":{"rendered":"<p>Coluna Bras\u00edlia-DF Muitos podem at\u00e9 achar loucura, mas o ministro da Economia, Paulo Guedes, j\u00e1 \u00e9 citado nos bastidores como uma op\u00e7\u00e3o pol\u00edtica para o futuro entre os pol\u00edticos. Eles dizem que, nos anos 90, o ent\u00e3o senador Fernando Henrique Cardoso n\u00e3o tinha votos para se eleger deputado federal por S\u00e3o Paulo. Depois do Plano Real, entretanto, saiu do Minist\u00e9rio [&hellip;]<\/p>\n","protected":false},"author":29,"featured_media":4427,"comment_status":"closed","ping_status":"closed","sticky":false,"template":"","format":"standard","meta":{"footnotes":""},"categories":[4],"tags":[],"class_list":["post-4424","post","type-post","status-publish","format-standard","has-post-thumbnail","hentry","category-coluna-brasilia-df"],"_links":{"self":[{"href":"https:\/\/blogs.correiobraziliense.com.br\/denise\/wp-json\/wp\/v2\/posts\/4424","targetHints":{"allow":["GET"]}}],"collection":[{"href":"https:\/\/blogs.correiobraziliense.com.br\/denise\/wp-json\/wp\/v2\/posts"}],"about":[{"href":"https:\/\/blogs.correiobraziliense.com.br\/denise\/wp-json\/wp\/v2\/types\/post"}],"author":[{"embeddable":true,"href":"https:\/\/blogs.correiobraziliense.com.br\/denise\/wp-json\/wp\/v2\/users\/29"}],"replies":[{"embeddable":true,"href":"https:\/\/blogs.correiobraziliense.com.br\/denise\/wp-json\/wp\/v2\/comments?post=4424"}],"version-history":[{"count":1,"href":"https:\/\/blogs.correiobraziliense.com.br\/denise\/wp-json\/wp\/v2\/posts\/4424\/revisions"}],"predecessor-version":[{"id":4428,"href":"https:\/\/blogs.correiobraziliense.com.br\/denise\/wp-json\/wp\/v2\/posts\/4424\/revisions\/4428"}],"wp:featuredmedia":[{"embeddable":true,"href":"https:\/\/blogs.correiobraziliense.com.br\/denise\/wp-json\/wp\/v2\/media\/4427"}],"wp:attachment":[{"href":"https:\/\/blogs.correiobraziliense.com.br\/denise\/wp-json\/wp\/v2\/media?parent=4424"}],"wp:term":[{"taxonomy":"category","embeddable":true,"href":"https:\/\/blogs.correiobraziliense.com.br\/denise\/wp-json\/wp\/v2\/categories?post=4424"},{"taxonomy":"post_tag","embeddable":true,"href":"https:\/\/blogs.correiobraziliense.com.br\/denise\/wp-json\/wp\/v2\/tags?post=4424"}],"curies":[{"name":"wp","href":"https:\/\/api.w.org\/{rel}","templated":true}]}}