{"id":4394,"date":"2019-10-27T08:22:03","date_gmt":"2019-10-27T11:22:03","guid":{"rendered":"https:\/\/blogs.correiobraziliense.com.br\/denise\/?p=4394"},"modified":"2019-10-27T08:22:03","modified_gmt":"2019-10-27T11:22:03","slug":"lideres-querem-bolsonaro-no-nordeste","status":"publish","type":"post","link":"https:\/\/blogs.correiobraziliense.com.br\/denise\/lideres-querem-bolsonaro-no-nordeste\/","title":{"rendered":"L\u00edderes querem Bolsonaro no Nordeste"},"content":{"rendered":"<p>Quem avisa amigo \u00e9<\/p>\n<p>Em conversas no Planalto, deputados nordestinos t\u00eam aconselhado os ministros do presidente Jair Bolsonaro a n\u00e3o desprezar o potencial de gera\u00e7\u00e3o de simpatia que os recursos do pr\u00e9-sal podem levar \u00e0 regi\u00e3o. Em breve, ser\u00e3o R$ 6 bilh\u00f5es em investimentos por l\u00e1 e, a depender dos governadores, a popula\u00e7\u00e3o n\u00e3o saber\u00e1 que o dinheiro \u00e9 da Uni\u00e3o.<\/p>\n<p>\u00bb \u00bb \u00bb <\/p>\n<p>Por isso, as conselheiros t\u00eam sido taxativos: \u201cA presen\u00e7a no Nordeste n\u00e3o \u00e9 s\u00f3 ret\u00f3rica, passa por a\u00e7\u00f5es concretas. O presidente e seus ministros deveriam aproveitar e percorrer a regi\u00e3o para marcar que os nordestinos est\u00e3o sendo beneficiados\u201d, comenta o deputado S\u00edlvio Costa Filho, um dos que alertaram para a necessidade de uma maior presen\u00e7a de Bolsonaro na regi\u00e3o junto com sua equipe.<\/p>\n<p>\u00bb \u00bb \u00bb <\/p>\n<p>Na semana passada, quatro ministros estiveram no Nordeste. Mas \u00e9 preciso a presen\u00e7a f\u00edsica do presidente, levando as boas novas do governo ao nordestinos. Uma oportunidade perdida foi o an\u00fancio do 13\u00ba do Bolsa Fam\u00edlia.<\/p>\n<p>Nova configura\u00e7\u00e3o<\/p>\n<p>A forma discreta como o deputado Eduardo Gomes (MDB-TO) tem atuado nesses primeiros dias como l\u00edder do governo \u00e9 jogo combinado com o Planalto. A ideia \u00e9 que ele permane\u00e7a assim e deixe o protagonismo para Jair Bolsonaro.<\/p>\n<p>Naquele estilo,<br \/>\nnunca mais<\/p>\n<p>Os palacianos consideram que h\u00e1 males que v\u00eam para bem. Enquanto estava na fun\u00e7\u00e3o de l\u00edder do governo, a deputada Joice Hasselmann era considerada muito \u201cespalhafatosa\u201d e queria se sobressair em tudo.<\/p>\n<p>Enquanto o<br \/>\nPSL briga\u2026<\/p>\n<p>\u2026 Os outros se organizam. Os partidos praticamente desistiram de buscar um acordo fechado com o presidente Jair Bolsonaro com vistas ao futuro e j\u00e1 est\u00e3o todos cuidando da pr\u00f3pria vida e ensaiando movimentos longe dele. O DEM paquera Luciano Huck, assim como o PSDB e o Cidadania. E todos eles acompanham as evolu\u00e7\u00f5es do governador de S\u00e3o Paulo, Jo\u00e3o D\u00f3ria. E de quem mais chegar.<\/p>\n<p>Sem pressa<\/p>\n<p>Ok, at\u00e9 2022, h\u00e1 muita conversa e curvas fechadas no caminho, mas s\u00f3 o fato de os partidos buscarem apostas significa que Bolsonaro n\u00e3o \u00e9 a prefer\u00eancia do universo pol\u00edtico. Falta, entretanto, combinar com o eleitor que, at\u00e9 agora, mant\u00e9m o presidente da Rep\u00fablica na crista dessa onda eleitoral antecipada.<\/p>\n<p>\u201cAlgu\u00e9m tem d\u00favidas de que esse esc\u00e2ndalo \u00e9 um<br \/>\nesc\u00e2ndalo que ainda vai ter filhotes por muitos anos?<br \/>\n\u00c9 uma situa\u00e7\u00e3o absolutamente in\u00e9dita. Voc\u00ea chegou a<br \/>\num n\u00edvel de corrup\u00e7\u00e3o [\u2026] que n\u00f3s n\u00e3o tivemos conhecimento em nenhum outro momento da hist\u00f3ria do pa\u00eds.\u201d<\/p>\n<p>Eduardo Cunha (MDB-RJ) sobre a Lava-Jato, em novembro de 2014, em entrevista ao Canal Livre da Band<\/p>\n<p>Relatos selvagens\/ Causou frisson no est\u00fadio da AllTV, em S\u00e3o Paulo, a grava\u00e7\u00e3o da entrevista de Preta Ferreira e Carmem Silva, ambas do MSTC \u2013 Movimento dos Sem Teto no Centro \u2014 no Painel Haddad, que vai ao ar nesta segunda-feira (28), \u00e0s 20 horas. Preta relatou maus-tratos no Pres\u00eddio de Franco da Rocha, tortura psicol\u00f3gica no DEIC, entre outras revela\u00e7\u00f5es.<\/p>\n<p>Relatos selvagens II\/ Carmem e Preta, m\u00e3e e filha, foram acusadas sem qualquer prova ou evid\u00eancia de liga\u00e7\u00e3o do movimento social com o crime organizado. Preta ficou detida por 108 dias. O Painel Haddad \u00e9 um programa da AllTV, apresentado pelo ex-prefeito e ex-ministro Fernando Haddad, produzido pelo jornalista Alberto Luchetti e dirigido pelo tamb\u00e9m jornalista Nunzio Briguglio.<\/p>\n<p>Presen\u00e7a de Dirceu\/ Preso em Curitiba, o ex-ministro Jos\u00e9 Dirceu continua firme nas reuni\u00f5es do PT. \u00c9 que, antes da pris\u00e3o, ele gravou v\u00eddeos com mensagens para exibi\u00e7\u00e3o em encontros de militantes pelo pa\u00eds pedindo que seguissem na defesa do partido.<\/p>\n<p>Boa not\u00edcia\/ Quem saiu toda feliz de uma conversa com o presidente em exerc\u00edcio, Davi Alcolumbre, foi a senadora Rose de Freitas (Podemos-ES, foto). Ela pediu e ele prometeu dar celeridade \u00e0 san\u00e7\u00e3o do projeto que prev\u00ea prioridade para os processos de div\u00f3rcio de mulheres v\u00edtimas de viol\u00eancia.<\/p>\n","protected":false},"excerpt":{"rendered":"<p>Quem avisa amigo \u00e9 Em conversas no Planalto, deputados nordestinos t\u00eam aconselhado os ministros do presidente Jair Bolsonaro a n\u00e3o desprezar o potencial de gera\u00e7\u00e3o de simpatia que os recursos do pr\u00e9-sal podem levar \u00e0 regi\u00e3o. Em breve, ser\u00e3o R$ 6 bilh\u00f5es em investimentos por l\u00e1 e, a depender dos governadores, a popula\u00e7\u00e3o n\u00e3o saber\u00e1 que o dinheiro \u00e9 da [&hellip;]<\/p>\n","protected":false},"author":29,"featured_media":0,"comment_status":"closed","ping_status":"closed","sticky":false,"template":"","format":"standard","meta":{"footnotes":""},"categories":[4],"tags":[],"class_list":["post-4394","post","type-post","status-publish","format-standard","hentry","category-coluna-brasilia-df"],"_links":{"self":[{"href":"https:\/\/blogs.correiobraziliense.com.br\/denise\/wp-json\/wp\/v2\/posts\/4394","targetHints":{"allow":["GET"]}}],"collection":[{"href":"https:\/\/blogs.correiobraziliense.com.br\/denise\/wp-json\/wp\/v2\/posts"}],"about":[{"href":"https:\/\/blogs.correiobraziliense.com.br\/denise\/wp-json\/wp\/v2\/types\/post"}],"author":[{"embeddable":true,"href":"https:\/\/blogs.correiobraziliense.com.br\/denise\/wp-json\/wp\/v2\/users\/29"}],"replies":[{"embeddable":true,"href":"https:\/\/blogs.correiobraziliense.com.br\/denise\/wp-json\/wp\/v2\/comments?post=4394"}],"version-history":[{"count":1,"href":"https:\/\/blogs.correiobraziliense.com.br\/denise\/wp-json\/wp\/v2\/posts\/4394\/revisions"}],"predecessor-version":[{"id":4395,"href":"https:\/\/blogs.correiobraziliense.com.br\/denise\/wp-json\/wp\/v2\/posts\/4394\/revisions\/4395"}],"wp:attachment":[{"href":"https:\/\/blogs.correiobraziliense.com.br\/denise\/wp-json\/wp\/v2\/media?parent=4394"}],"wp:term":[{"taxonomy":"category","embeddable":true,"href":"https:\/\/blogs.correiobraziliense.com.br\/denise\/wp-json\/wp\/v2\/categories?post=4394"},{"taxonomy":"post_tag","embeddable":true,"href":"https:\/\/blogs.correiobraziliense.com.br\/denise\/wp-json\/wp\/v2\/tags?post=4394"}],"curies":[{"name":"wp","href":"https:\/\/api.w.org\/{rel}","templated":true}]}}