{"id":4391,"date":"2019-10-26T14:37:47","date_gmt":"2019-10-26T17:37:47","guid":{"rendered":"https:\/\/blogs.correiobraziliense.com.br\/denise\/?p=4391"},"modified":"2019-10-26T14:37:47","modified_gmt":"2019-10-26T17:37:47","slug":"cpi-das-fake-news-tera-confronto-de-apoiadores-com-antigos-aliados-de-bolsonaro","status":"publish","type":"post","link":"https:\/\/blogs.correiobraziliense.com.br\/denise\/cpi-das-fake-news-tera-confronto-de-apoiadores-com-antigos-aliados-de-bolsonaro\/","title":{"rendered":"CPI das Fake News ter\u00e1 confronto de apoiadores com antigos aliados de Bolsonaro"},"content":{"rendered":"<p>\u00c9 na CPI das Fake News que a oposi\u00e7\u00e3o armar\u00e1 sua rede, a partir da semana que vem, para servir de arena num confronto entre os aliados do presidente Jair Bolsonaro e os antigos apoiadores, aqueles que agora tentam expulsar Eduardo Bolsonaro do PSL. O mesmo far\u00e1 com os petistas.<\/p>\n<p>A estrat\u00e9gia \u00e9 colocar todos os galos de briga no centro do ringue e, se poss\u00edvel, detonar todos no decorrer dos trabalhos. O governo est\u00e1 ciente de que esse \u00e9 hoje o terreno mais sens\u00edvel, tanto \u00e9 que tentou, sem sucesso, indicar o presidente e\/ou o relator.<\/p>\n<p>\u00bb \u00bb<\/p>\n<p>A avalia\u00e7\u00e3o nas conversas mais reservadas \u00e9 a de que a estrat\u00e9gia pode funcionar, uma vez que a guerra aberta no PSL ainda n\u00e3o encontrou um meio de evitar estragos maiores. O \u201cesquenta\u201d ser\u00e1 quarta-feira, com o depoimento de Alexandre Frota (PSDB-SP).<\/p>\n<h2>\n<strong>Serventia da casa&#8230;<\/strong><\/h2>\n<p>O governo come\u00e7a a trabalhar para tentar compensar os votos perdidos com a guerra do PSL. A inten\u00e7\u00e3o \u00e9 oferecer os cargos de segundo escal\u00e3o ocupados por apadrinhados desse grupo a potenciais aliados de outros partidos. A Secretaria de Mobilidade, por exemplo, ser\u00e1 discutida com o Podemos e com o PTB.<\/p>\n<h2>\n<strong>\u2026 Depois de aberta a porta da rua<\/strong><\/h2>\n<p>A dispensa de apadrinhados do presidente do PSL, deputado Luciano Bivar (PE), e seus aliados, est\u00e1 apenas come\u00e7ando. J\u00e1 sa\u00edram o secret\u00e1rio nacional de Transportes Terrestres do Minist\u00e9rio da Infraestrutura, Jamil Meig J\u00fanior, e o secret\u00e1rio de Mobilidade do Minist\u00e9rio do Desenvolvimento Regional, Jos\u00e9 Lindoso de Albuquerque Filho. Outros seguir\u00e3o pelo mesmo portal.<\/p>\n<h2>\n<strong>Minist\u00e9rio, n\u00e3o!<\/strong><\/h2>\n<p>Bolsonaro n\u00e3o vai entrar no toma l\u00e1 d\u00e1 c\u00e1 de minist\u00e9rios. Afinal, n\u00e3o pretende quebrar a imagem de que nomeou todos sem lotear entre partidos, um dos pontos ressaltados com aplausos e aprova\u00e7\u00e3o em todas as pesquisas qualitativas, at\u00e9 as dos advers\u00e1rios.<\/p>\n<h2>\n<strong>Subtrai, divide e, depois, multiplica<\/strong><\/h2>\n<p>At\u00e9 aqui, o presidente da C\u00e2mara, deputado Rodrigo Maia (DEM-RJ), n\u00e3o conseguiu juntar muitos partidos para tentar mais um mandato \u00e0 frente da Casa. Ningu\u00e9m entra nesse projeto porque todos querem o cargo. Se ficar muito dividido, entretanto, muitos v\u00e3o preferir ficar com Rodrigo do que criar uma nova lideran\u00e7a de partido advers\u00e1rio, justamente na segunda metade do governo.<\/p>\n<h2>\n<em><strong>CURTIDAS<\/strong><\/em><\/h2>\n<p><strong>Falem bem, falem mal&#8230;\/<\/strong> O ministro da Educa\u00e7\u00e3o, Abraham Weintraub, n\u00e3o vai abrir m\u00e3o das tiradas de humor nas redes sociais como forma de chamar a aten\u00e7\u00e3o para as mudan\u00e7as que faz na pasta. Cenas como \u201cCantando na Chuva\u201d e os \u00f3culos que usou para anunciar o descontingenciamento das verbas v\u00e3o continuar.<\/p>\n<p><strong>D\u00favidas dissipadas\/<\/strong> Luciano Huck ser\u00e1 candidato a presidente. O que deu a certeza a quem ainda duvidava foi a fala do empres\u00e1rio, ontem, em S\u00e3o Paulo, em que alertou para a necessidade de cuidar das pessoas, citando inclusive o interior do Piau\u00ed, onde Lula come\u00e7ou o programa Bolsa Fam\u00edlia.<\/p>\n<p><strong>Enquanto isso, na China&#8230;\/<\/strong> O saldo da visita de Bolsonaro, segundo avaliam integrantes da comitiva, foi o pragmatismo e a certeza de que a ideia do presidente, daqui por diante, \u00e9 deixar um pouco de lado a pauta ideol\u00f3gica e apostar mais nesse novo estilo. Se essa disposi\u00e7\u00e3o perdurar, o contribuinte agradece.<\/p>\n<p><strong>Tem algo de podre no reino\/<\/strong> Quando o pa\u00eds vive a menor taxa de juros das \u00faltimas d\u00e9cadas, e os bancos aumentam as j\u00e1 exorbitantes taxas do cart\u00e3o de cr\u00e9dito e do cheque especial, algo est\u00e1 fora da ordem. Para muitos, \u00e9 sinal de que est\u00e3o jogando em cima do correntista endividado a busca de uma forma de compensar os juros mais baixos.<\/p>\n","protected":false},"excerpt":{"rendered":"<p>\u00c9 na CPI das Fake News que a oposi\u00e7\u00e3o armar\u00e1 sua rede, a partir da semana que vem, para servir de arena num confronto entre os aliados do presidente Jair Bolsonaro e os antigos apoiadores, aqueles que agora tentam expulsar Eduardo Bolsonaro do PSL. O mesmo far\u00e1 com os petistas. A estrat\u00e9gia \u00e9 colocar todos os galos de briga no [&hellip;]<\/p>\n","protected":false},"author":29,"featured_media":4392,"comment_status":"closed","ping_status":"closed","sticky":false,"template":"","format":"standard","meta":{"footnotes":""},"categories":[4],"tags":[],"class_list":["post-4391","post","type-post","status-publish","format-standard","has-post-thumbnail","hentry","category-coluna-brasilia-df"],"_links":{"self":[{"href":"https:\/\/blogs.correiobraziliense.com.br\/denise\/wp-json\/wp\/v2\/posts\/4391","targetHints":{"allow":["GET"]}}],"collection":[{"href":"https:\/\/blogs.correiobraziliense.com.br\/denise\/wp-json\/wp\/v2\/posts"}],"about":[{"href":"https:\/\/blogs.correiobraziliense.com.br\/denise\/wp-json\/wp\/v2\/types\/post"}],"author":[{"embeddable":true,"href":"https:\/\/blogs.correiobraziliense.com.br\/denise\/wp-json\/wp\/v2\/users\/29"}],"replies":[{"embeddable":true,"href":"https:\/\/blogs.correiobraziliense.com.br\/denise\/wp-json\/wp\/v2\/comments?post=4391"}],"version-history":[{"count":1,"href":"https:\/\/blogs.correiobraziliense.com.br\/denise\/wp-json\/wp\/v2\/posts\/4391\/revisions"}],"predecessor-version":[{"id":4393,"href":"https:\/\/blogs.correiobraziliense.com.br\/denise\/wp-json\/wp\/v2\/posts\/4391\/revisions\/4393"}],"wp:featuredmedia":[{"embeddable":true,"href":"https:\/\/blogs.correiobraziliense.com.br\/denise\/wp-json\/wp\/v2\/media\/4392"}],"wp:attachment":[{"href":"https:\/\/blogs.correiobraziliense.com.br\/denise\/wp-json\/wp\/v2\/media?parent=4391"}],"wp:term":[{"taxonomy":"category","embeddable":true,"href":"https:\/\/blogs.correiobraziliense.com.br\/denise\/wp-json\/wp\/v2\/categories?post=4391"},{"taxonomy":"post_tag","embeddable":true,"href":"https:\/\/blogs.correiobraziliense.com.br\/denise\/wp-json\/wp\/v2\/tags?post=4391"}],"curies":[{"name":"wp","href":"https:\/\/api.w.org\/{rel}","templated":true}]}}