{"id":4379,"date":"2019-10-25T07:59:40","date_gmt":"2019-10-25T10:59:40","guid":{"rendered":"https:\/\/blogs.correiobraziliense.com.br\/denise\/?p=4379"},"modified":"2019-10-25T07:59:40","modified_gmt":"2019-10-25T10:59:40","slug":"com-indicio-de-que-stf-vetara-prisao-apos-2a-instancia-aumenta-pressao-sobre-o-congresso","status":"publish","type":"post","link":"https:\/\/blogs.correiobraziliense.com.br\/denise\/com-indicio-de-que-stf-vetara-prisao-apos-2a-instancia-aumenta-pressao-sobre-o-congresso\/","title":{"rendered":"Com indicio de que STF vetar\u00e1 pris\u00e3o ap\u00f3s 2\u00aa inst\u00e2ncia, aumenta press\u00e3o sobre o Congresso"},"content":{"rendered":"<h6><strong>Coluna Bras\u00edlia-DF<\/strong><\/h6>\n<p>Com a perspectiva de o Supremo Tribunal Federal decidir contra a pris\u00e3o em segunda inst\u00e2ncia, caber\u00e1 aos interessados numa posi\u00e7\u00e3o diferente pressionar o Congresso para que seja feita a vontade da sociedade. A ideia \u00e9 fazer valer que as diverg\u00eancias de interpreta\u00e7\u00e3o dos ministros em casos de vota\u00e7\u00f5es apertadas \u2014 como deve ser essa, em que se aposta num placar final de seis a cinco \u2014 devem ser esclarecidas no texto constitucional. \u00c9 l\u00e1 \u2014 e n\u00e3o no STF \u2014 que a Constitui\u00e7\u00e3o \u00e9 redigida e emendada.<\/p>\n<p>A ex-procuradora-geral da Rep\u00fablica Raquel Dodge j\u00e1 deu a senha ao dizer que o Congresso pode retomar para pris\u00e3o em segunda inst\u00e2ncia. Falta combinar com os pol\u00edticos que resistem ao pacote anticrime do ministro da Justi\u00e7a, S\u00e9rgio Moro.<\/p>\n<p>Em tempo: Em julho, a Comiss\u00e3o Especial que trata dessas medidas retirou a pris\u00e3o em segunda inst\u00e2ncia do projeto, porque a maioria considerou necess\u00e1ria uma emenda constitucional. Agora, a press\u00e3o pela emenda vir\u00e1.<\/p>\n<h2>\n<strong>Aposta nacional<\/strong><\/h2>\n<p>A visita do presidente Davi Alcolumbre a Sergipe e Alagoas, cercado pelos seus principais advers\u00e1rios na campanha para a Presid\u00eancia do Senado \u2014 inclusive o PT e Renan Calheiros (MDB-AL) \u2014 foi vista como uma tentativa de empatar o jogo do poder com o presidente da C\u00e2mara, Rodrigo Maia. Maia tem o t\u00edtulo de maior articulador pol\u00edtico do Congresso.<\/p>\n<h2>\n<strong>F\u00e9 estadual<\/strong><\/h2>\n<p>Nesta curta interinidade, Alcolumbre joga tamb\u00e9m para seus eleitores. Hoje, assina em Macap\u00e1 um decreto para, mais uma vez, tentar regularizar a quest\u00e3o das terras no Amap\u00e1, onde a maioria ainda pertence \u00e0 Uni\u00e3o.<\/p>\n<h2>\n<strong>Pancada do PSL<\/strong><\/h2>\n<p>Ali, o processo de div\u00f3rcio n\u00e3o se resolver\u00e1 a curto prazo, porque todas as solu\u00e7\u00f5es apontadas, at\u00e9 agora, n\u00e3o d\u00e3o ao grupo bolsonarista o controle da situa\u00e7\u00e3o partid\u00e1ria, seja dentro ou fora da legenda. A seguir neste ritmo, ser\u00e1 como ocorre com muitos casais por a\u00ed que se divorciam, mas continuam dividindo o mesmo teto.<\/p>\n<h2>\n<strong>Tecnologia acess\u00edvel<\/strong><\/h2>\n<p>O Conselho Nacional de Desenvolvimento Cient\u00edfico e Tecnol\u00f3gico (CNPq) acaba de assinar um acordo de coopera\u00e7\u00e3o com a Amazon Web Services (AWS) para que trabalhos de pesquisa selecionados tenham acesso livre aos cursos de ensino a dist\u00e2ncia da megaempresa norte-americana. \u201cO Brasil tem um grande potencial e vamos investir nisso\u201d, afirma o executivo da AWS para Am\u00e9rica Latina, Canad\u00e1 e Caribe, Jeffrey Kratz. Caber\u00e1 agora ao CNPq definir as pesquisas que ser\u00e3o beneficiadas pelo acordo.<\/p>\n<h2>\n<strong>Contrabando no DF<\/strong><\/h2>\n<p>Dados do Ibope registraram recentemente que o com\u00e9rcio ilegal de cigarros no Distrito Federal saltou de 12% para 21% do total do mercado, de 2018 para 2019. Estudo da Funda\u00e7\u00e3o Get\u00falio Vargas para o Instituto Brasileiro de \u00c9tica Concorrencial (Etco) indica que, al\u00e9m de prejudicar a arrecada\u00e7\u00e3o e financiar o crime organizado, cerca de 10 mil empregos diretos deixam de ser gerados no pa\u00eds por causa do mercado ilegal de cigarros.<\/p>\n<p><strong>O \u201cfurac\u00e3o\u201d Alcolumbre\/<\/strong> O presidente em exerc\u00edcio Davi Alcolumbre deixou muita gente de orelha em p\u00e9 ao declarar, numa roda em seu gabinete, que aproveitaria a interinidade para exonerar quem estivesse dando trabalho ao presidente Jair Bolsonaro. Muitos assessores ficaram esperando seu retorno da viagem ao Nordeste, sem saber se ele iria, de fato, fazer o que havia dito ou tinha sido apenas uma brincadeira. At\u00e9 o in\u00edcio da noite, ele n\u00e3o havia assinado nenhuma exonera\u00e7\u00e3o.<\/p>\n<p><strong>Atolado em Atalaia\/<\/strong> A van que conduzia o presidente em exerc\u00edcio, Davi Alcolumbre, e sua comitiva na praia, em Sergipe, ficou presa na areia fofa. Mas o presidente anda t\u00e3o bem-humorado que tirou de letra. \u201cNingu\u00e9m segura o \u2018gordinho\u2019\u201d, comentou, no maior bom humor.<\/p>\n<p><strong>Enquanto isso, no Senado&#8230;\/<\/strong> Tr\u00eas embaixadores foram aprovados por unanimidade dos presentes na Comiss\u00e3o de Rela\u00e7\u00f5es Exteriores esta semana, inclusive Pedro B\u00f3rio, que vai para o Canad\u00e1. Ele esteve cotado para a embaixada do Brasil em Washington, antes do vaiv\u00e9m em torno de Eduardo Bolsonaro.<\/p>\n<p><strong>&#8230; fa\u00e7am suas apostas\/<\/strong> H\u00e1 quem diga que Nestor Forster, que tamb\u00e9m foi cogitado l\u00e1 atr\u00e1s, ter\u00e1 menos dificuldades agora do que teria no in\u00edcio do ano. Isso porque, ao contr\u00e1rio de Eduardo, tem carreira diplom\u00e1tica. Mas ningu\u00e9m coloca suas fichas na unanimidade.<\/p>\n<p><strong>Imperd\u00edvel\/<\/strong>O ministro da Educa\u00e7\u00e3o, Abraham Weintraub, ser\u00e1 o entrevistado de hoje do <em>CB.Poder<\/em>, \u00e0s 13h20, na TV Bras\u00edlia.<\/p>\n","protected":false},"excerpt":{"rendered":"<p>Coluna Bras\u00edlia-DF Com a perspectiva de o Supremo Tribunal Federal decidir contra a pris\u00e3o em segunda inst\u00e2ncia, caber\u00e1 aos interessados numa posi\u00e7\u00e3o diferente pressionar o Congresso para que seja feita a vontade da sociedade. A ideia \u00e9 fazer valer que as diverg\u00eancias de interpreta\u00e7\u00e3o dos ministros em casos de vota\u00e7\u00f5es apertadas \u2014 como deve ser essa, em que se aposta [&hellip;]<\/p>\n","protected":false},"author":29,"featured_media":4380,"comment_status":"closed","ping_status":"closed","sticky":false,"template":"","format":"standard","meta":{"footnotes":""},"categories":[4],"tags":[],"class_list":["post-4379","post","type-post","status-publish","format-standard","has-post-thumbnail","hentry","category-coluna-brasilia-df"],"_links":{"self":[{"href":"https:\/\/blogs.correiobraziliense.com.br\/denise\/wp-json\/wp\/v2\/posts\/4379","targetHints":{"allow":["GET"]}}],"collection":[{"href":"https:\/\/blogs.correiobraziliense.com.br\/denise\/wp-json\/wp\/v2\/posts"}],"about":[{"href":"https:\/\/blogs.correiobraziliense.com.br\/denise\/wp-json\/wp\/v2\/types\/post"}],"author":[{"embeddable":true,"href":"https:\/\/blogs.correiobraziliense.com.br\/denise\/wp-json\/wp\/v2\/users\/29"}],"replies":[{"embeddable":true,"href":"https:\/\/blogs.correiobraziliense.com.br\/denise\/wp-json\/wp\/v2\/comments?post=4379"}],"version-history":[{"count":1,"href":"https:\/\/blogs.correiobraziliense.com.br\/denise\/wp-json\/wp\/v2\/posts\/4379\/revisions"}],"predecessor-version":[{"id":4381,"href":"https:\/\/blogs.correiobraziliense.com.br\/denise\/wp-json\/wp\/v2\/posts\/4379\/revisions\/4381"}],"wp:featuredmedia":[{"embeddable":true,"href":"https:\/\/blogs.correiobraziliense.com.br\/denise\/wp-json\/wp\/v2\/media\/4380"}],"wp:attachment":[{"href":"https:\/\/blogs.correiobraziliense.com.br\/denise\/wp-json\/wp\/v2\/media?parent=4379"}],"wp:term":[{"taxonomy":"category","embeddable":true,"href":"https:\/\/blogs.correiobraziliense.com.br\/denise\/wp-json\/wp\/v2\/categories?post=4379"},{"taxonomy":"post_tag","embeddable":true,"href":"https:\/\/blogs.correiobraziliense.com.br\/denise\/wp-json\/wp\/v2\/tags?post=4379"}],"curies":[{"name":"wp","href":"https:\/\/api.w.org\/{rel}","templated":true}]}}