{"id":4335,"date":"2019-10-18T08:17:44","date_gmt":"2019-10-18T11:17:44","guid":{"rendered":"https:\/\/blogs.correiobraziliense.com.br\/denise\/?p=4335"},"modified":"2019-10-18T08:17:44","modified_gmt":"2019-10-18T11:17:44","slug":"nao-sera-surpresa-se-joice-hasselmann-ganhar-o-controle-do-psl-em-sp","status":"publish","type":"post","link":"https:\/\/blogs.correiobraziliense.com.br\/denise\/nao-sera-surpresa-se-joice-hasselmann-ganhar-o-controle-do-psl-em-sp\/","title":{"rendered":"N\u00e3o ser\u00e1 surpresa se Joice Hasselmann ganhar o controle do PSL em SP"},"content":{"rendered":"<h6><strong>Coluna Bras\u00edlia-DF<\/strong><\/h6>\n<p>A deputada <strong>Joice Hasselmann<\/strong> (PSL-SP) <a href=\"https:\/\/blogs.correiobraziliense.com.br\/denise\/mdb-conquista-lugar-de-joice-como-lider-do-governo\/\">sai das articula\u00e7\u00f5es do Planalto<\/a> e fica livre, inclusive, para tomar conta do PSL paulista. Afinal, ela ficou ao lado do presidente <strong>Luciano Bivar<\/strong> e do l\u00edder, <strong>delegado<\/strong> <strong>Waldir<\/strong>. N\u00e3o ser\u00e1 surpresa se ganhar o controle do partido em S\u00e3o Paulo.<\/p>\n<h2><strong>Certo &amp; duvidoso<\/strong><\/h2>\n<p>Joice sabe que, hoje, tem mais espa\u00e7o para ser candidata a prefeita de S\u00e3o Paulo pelo <strong>PSL<\/strong> do que pelo <strong>DEM<\/strong>, que tem um problema: o vice-governador Rodrigo Garcia joga com o PSDB de olho no apoio dos tucanos para concorrer ao governo do estado em 2022, quando Jo\u00e3o D\u00f3ria deve deixar o posto para ser candidato a presidente da Rep\u00fablica. E Garcia n\u00e3o quer Joice fazendo marola nos seus planos.<\/p>\n<p>&nbsp;<\/p>\n","protected":false},"excerpt":{"rendered":"<p>Coluna Bras\u00edlia-DF A deputada Joice Hasselmann (PSL-SP) sai das articula\u00e7\u00f5es do Planalto e fica livre, inclusive, para tomar conta do PSL paulista. Afinal, ela ficou ao lado do presidente Luciano Bivar e do l\u00edder, delegado Waldir. N\u00e3o ser\u00e1 surpresa se ganhar o controle do partido em S\u00e3o Paulo. Certo &amp; duvidoso Joice sabe que, hoje, tem mais espa\u00e7o para ser [&hellip;]<\/p>\n","protected":false},"author":29,"featured_media":4338,"comment_status":"closed","ping_status":"closed","sticky":false,"template":"","format":"standard","meta":{"footnotes":""},"categories":[4],"tags":[],"class_list":["post-4335","post","type-post","status-publish","format-standard","has-post-thumbnail","hentry","category-coluna-brasilia-df"],"_links":{"self":[{"href":"https:\/\/blogs.correiobraziliense.com.br\/denise\/wp-json\/wp\/v2\/posts\/4335","targetHints":{"allow":["GET"]}}],"collection":[{"href":"https:\/\/blogs.correiobraziliense.com.br\/denise\/wp-json\/wp\/v2\/posts"}],"about":[{"href":"https:\/\/blogs.correiobraziliense.com.br\/denise\/wp-json\/wp\/v2\/types\/post"}],"author":[{"embeddable":true,"href":"https:\/\/blogs.correiobraziliense.com.br\/denise\/wp-json\/wp\/v2\/users\/29"}],"replies":[{"embeddable":true,"href":"https:\/\/blogs.correiobraziliense.com.br\/denise\/wp-json\/wp\/v2\/comments?post=4335"}],"version-history":[{"count":1,"href":"https:\/\/blogs.correiobraziliense.com.br\/denise\/wp-json\/wp\/v2\/posts\/4335\/revisions"}],"predecessor-version":[{"id":4339,"href":"https:\/\/blogs.correiobraziliense.com.br\/denise\/wp-json\/wp\/v2\/posts\/4335\/revisions\/4339"}],"wp:featuredmedia":[{"embeddable":true,"href":"https:\/\/blogs.correiobraziliense.com.br\/denise\/wp-json\/wp\/v2\/media\/4338"}],"wp:attachment":[{"href":"https:\/\/blogs.correiobraziliense.com.br\/denise\/wp-json\/wp\/v2\/media?parent=4335"}],"wp:term":[{"taxonomy":"category","embeddable":true,"href":"https:\/\/blogs.correiobraziliense.com.br\/denise\/wp-json\/wp\/v2\/categories?post=4335"},{"taxonomy":"post_tag","embeddable":true,"href":"https:\/\/blogs.correiobraziliense.com.br\/denise\/wp-json\/wp\/v2\/tags?post=4335"}],"curies":[{"name":"wp","href":"https:\/\/api.w.org\/{rel}","templated":true}]}}