{"id":4334,"date":"2019-10-18T08:09:10","date_gmt":"2019-10-18T11:09:10","guid":{"rendered":"https:\/\/blogs.correiobraziliense.com.br\/denise\/?p=4334"},"modified":"2019-10-18T08:09:10","modified_gmt":"2019-10-18T11:09:10","slug":"eduardo-gomes-chega-para-ajudar-bolsonaro-a-superar-crise-no-psl","status":"publish","type":"post","link":"https:\/\/blogs.correiobraziliense.com.br\/denise\/eduardo-gomes-chega-para-ajudar-bolsonaro-a-superar-crise-no-psl\/","title":{"rendered":"Eduardo Gomes chega para ajudar Bolsonaro a superar crise no PSL"},"content":{"rendered":"<h6><strong>Coluna Bras\u00edlia-DF<\/strong><\/h6>\n<p>Com tr\u00e2nsito em todos os partidos, o novo l\u00edder do governo no Congresso, senador <strong>Eduardo Gomes<\/strong> (MDB-TO), chega para ajudar o presidente a superar a crise no PSL arregimentando apoios em outras agremia\u00e7\u00f5es. Esse trabalho ser\u00e1 lento e gradual e come\u00e7a a partir da semana que vem, t\u00e3o logo o Senado aprove a reforma da Previd\u00eancia. A ideia \u00e9 aproveitar este final de ano para buscar apoios, organizar a vota\u00e7\u00e3o da reforma tribut\u00e1ria, que tramita simultaneamente na C\u00e2mara e no Senado.<br \/>\n\u00bb \u00bb \u00bb<\/p>\n<p>Ainda hoje, Eduardo Gomes se re\u00fane com o presidente do Senado, <strong>Davi Alcolumbre<\/strong>, para conversar sobre o que ser\u00e1 poss\u00edvel votar ainda este ano. A avalia\u00e7\u00e3o geral \u00e9 de que, diante do tumulto na seara pol\u00edtica, \u00e9 melhor fechar o ano com a reforma previdenci\u00e1ria e esperar 2020 para tratar de outros temas. Inclusive, mudan\u00e7as na regra de ouro e a reforma administrativa, que desembarcam no Congresso na pr\u00f3xima semana. A regra de ouro em vigor n\u00e3o permite endividamentos para cobrir despesas correntes (sal\u00e1rios e aposentadorias, por exemplo).<\/p>\n<h2>\n<strong>Ajudinha I<\/strong><\/h2>\n<p>Eduardo Gomes desembarca na lideran\u00e7a do governo junto com 19 novos projetos de suplementa\u00e7\u00e3o or\u00e7ament\u00e1ria, que aterrissaram no Congresso por esses dias, num total de quase R$ 40 bilh\u00f5es. O maior deles, de R$ 34 bilh\u00f5es, tem o pr\u00f3prio l\u00edder como relator. Refere-se ao pagamento do governo \u00e0 Petrobras, como parte da revis\u00e3o da cess\u00e3o onerosa.<\/p>\n<h2>\n<strong>Ajudinha II<\/strong><\/h2>\n<p>Nesses projetos de suplementa\u00e7\u00e3o, est\u00e3o ainda v\u00e1rias emendas de deputados e senadores ao Or\u00e7amento da Uni\u00e3o, em especial, as \u00e1reas de sa\u00fade e transportes com recursos para o Departamento Nacional de Infraestrutura em Transportes (Dnit), onde se concentram emendas de bancada.<\/p>\n<p><strong>Caldo de galinha e \u00e1gua benta&#8230;<\/strong>\/ Ao pedir desculpas ontem pelo post sobre a pris\u00e3o em segunda inst\u00e2ncia publicado no perfil do presidente Jair Bolsonaro no Twitter, o vereador Carlos Bolsonaro confessa que escreve nas redes sociais do chefe da Na\u00e7\u00e3o. Os mais fi\u00e9is aliados j\u00e1 cansaram de avisar que o melhor \u00e9 deixar o presidente cuidar de seu pr\u00f3prio Twitter.<\/p>\n<p><strong>Frase<\/strong> \/ \u201cN\u00e3o subestime a nossa capacidade de criar problemas para n\u00f3s mesmos\u201d<br \/>\nDo ex-ministro da Justi\u00e7a e ex-deputado Jos\u00e9 Eduardo Cardozo, referindo-se ao PT ainda nos tempos do governo Dilma Rousseff. O PSL de hoje tem muita semelhan\u00e7a com o PT de ontem.<\/p>\n<p><strong>Por falar em PT&#8230;<\/strong>\/ O partido concentra hoje toda a sua aposta no julgamento do Supremo Tribunal Federal sobre a pris\u00e3o em segunda inst\u00e2ncia. N\u00e3o por acaso, eram os petistas a maioria dos manifestantes em frente ao STF na tarde de ontem.<\/p>\n<p><strong>Toffoli a la Marco Maciel<\/strong>\/ \u00c0s da pol\u00edtica, o ex-vice-presidente Marco Maciel sacava a seguinte frase quando havia uma crise ou algo complicado a resolver: \u201cN\u00e3o vamos fulanizar\u201d. \u00c9 essa m\u00e1xima que o STF seguir\u00e1 nesse per\u00edodo em que trata da pris\u00e3o em segunda inst\u00e2ncia.<\/p>\n<p><strong>Por falar em passado&#8230;<\/strong>\/ Nunca antes na hist\u00f3ria desse pa\u00eds se ouviu em alto e bom som o l\u00edder do partido do presidente da Rep\u00fablica chamando o chefe da Na\u00e7\u00e3o de \u201cvagabundo\u201d como fez o delegado Waldir (PSL-GO). Algo est\u00e1 fora da ordem.<\/p>\n","protected":false},"excerpt":{"rendered":"<p>Coluna Bras\u00edlia-DF Com tr\u00e2nsito em todos os partidos, o novo l\u00edder do governo no Congresso, senador Eduardo Gomes (MDB-TO), chega para ajudar o presidente a superar a crise no PSL arregimentando apoios em outras agremia\u00e7\u00f5es. Esse trabalho ser\u00e1 lento e gradual e come\u00e7a a partir da semana que vem, t\u00e3o logo o Senado aprove a reforma da Previd\u00eancia. A ideia [&hellip;]<\/p>\n","protected":false},"author":29,"featured_media":4336,"comment_status":"closed","ping_status":"closed","sticky":false,"template":"","format":"standard","meta":{"footnotes":""},"categories":[4],"tags":[],"class_list":["post-4334","post","type-post","status-publish","format-standard","has-post-thumbnail","hentry","category-coluna-brasilia-df"],"_links":{"self":[{"href":"https:\/\/blogs.correiobraziliense.com.br\/denise\/wp-json\/wp\/v2\/posts\/4334","targetHints":{"allow":["GET"]}}],"collection":[{"href":"https:\/\/blogs.correiobraziliense.com.br\/denise\/wp-json\/wp\/v2\/posts"}],"about":[{"href":"https:\/\/blogs.correiobraziliense.com.br\/denise\/wp-json\/wp\/v2\/types\/post"}],"author":[{"embeddable":true,"href":"https:\/\/blogs.correiobraziliense.com.br\/denise\/wp-json\/wp\/v2\/users\/29"}],"replies":[{"embeddable":true,"href":"https:\/\/blogs.correiobraziliense.com.br\/denise\/wp-json\/wp\/v2\/comments?post=4334"}],"version-history":[{"count":1,"href":"https:\/\/blogs.correiobraziliense.com.br\/denise\/wp-json\/wp\/v2\/posts\/4334\/revisions"}],"predecessor-version":[{"id":4337,"href":"https:\/\/blogs.correiobraziliense.com.br\/denise\/wp-json\/wp\/v2\/posts\/4334\/revisions\/4337"}],"wp:featuredmedia":[{"embeddable":true,"href":"https:\/\/blogs.correiobraziliense.com.br\/denise\/wp-json\/wp\/v2\/media\/4336"}],"wp:attachment":[{"href":"https:\/\/blogs.correiobraziliense.com.br\/denise\/wp-json\/wp\/v2\/media?parent=4334"}],"wp:term":[{"taxonomy":"category","embeddable":true,"href":"https:\/\/blogs.correiobraziliense.com.br\/denise\/wp-json\/wp\/v2\/categories?post=4334"},{"taxonomy":"post_tag","embeddable":true,"href":"https:\/\/blogs.correiobraziliense.com.br\/denise\/wp-json\/wp\/v2\/tags?post=4334"}],"curies":[{"name":"wp","href":"https:\/\/api.w.org\/{rel}","templated":true}]}}