{"id":4307,"date":"2019-10-15T08:00:22","date_gmt":"2019-10-15T11:00:22","guid":{"rendered":"https:\/\/blogs.correiobraziliense.com.br\/denise\/?p=4307"},"modified":"2019-10-15T08:08:56","modified_gmt":"2019-10-15T11:08:56","slug":"caso-lula-seja-solto-pt-percorrera-o-pais-para-dizer-ele-e-inocente","status":"publish","type":"post","link":"https:\/\/blogs.correiobraziliense.com.br\/denise\/caso-lula-seja-solto-pt-percorrera-o-pais-para-dizer-ele-e-inocente\/","title":{"rendered":"Caso Lula seja solto, PT percorrer\u00e1 o pa\u00eds para dizer ele \u00e9 inocente"},"content":{"rendered":"<h6><strong>Coluna Bras\u00edlia-DF<\/strong><\/h6>\n<p>No caso de o Supremo Tribunal Federal (STF) entender que a pris\u00e3o s\u00f3 deve ocorrer depois de esgotados todos os recursos, o que pode resultar na liberta\u00e7\u00e3o do ex-presidente Lula, o PT percorrer\u00e1 o pa\u00eds dizendo que seu maior l\u00edder \u00e9 inocente, ainda que ele tenha outros processos e os recursos a respeito da condena\u00e7\u00e3o estejam pendentes nas inst\u00e2ncias superiores.<\/p>\n<p>Afinal, Lula tem dito que s\u00f3 sai se for inocente e se a tese da pris\u00e3o em segunda inst\u00e2ncia for derrubada, a ideia dos petistas \u00e9 aproveitar esse final de 2019 para amplificar a narrativa da inoc\u00eancia e, assim, preparar terreno para as elei\u00e7\u00f5es municipais.<\/p>\n<p><strong>Em tempo:<\/strong> O PSL, t\u00e3o perdido em suas brigas internas, n\u00e3o se preparou para o julgamento desta quinta-feira, da pris\u00e3o em segunda inst\u00e2ncia. \u00c9 Carlos Bolsonaro versus senador Major Ol\u00edmpio, Jair Bolsonaro versus Luciano Bivar, e dos deputados entre si.<\/p>\n<h2><strong>O lado B da soltura<\/strong><\/h2>\n<p>A hip\u00f3tese de o STF derrubar a tese da pris\u00e3o em segunda inst\u00e2ncia e Lula ficar livre n\u00e3o \u00e9 considerada ruim pelos aliados do presidente Jair Bolsonaro. \u00c9 que, assim, avaliam, ser\u00e1 mais f\u00e1cil manter a polariza\u00e7\u00e3o PT versus Bolsonaro, deixando os demais personagens em segundo plano.<\/p>\n<h2><strong>Problema real I<\/strong><\/h2>\n<p>\u201cOs sinais de retomada da atividade econ\u00f4mica ainda s\u00e3o d\u00fabios\u201d, diz a Institui\u00e7\u00e3o Fiscal Independente (Ifi) no relat\u00f3rio de acompanhamento das contas p\u00fablicas que acaba de sair do forno. A ind\u00fastria, ainda sob os efeitos da crise, e a situa\u00e7\u00e3o do mercado de trabalho segue desfavor\u00e1vel para a cria\u00e7\u00e3o de empregos formais em raz\u00e3o das incertezas que cercam o cen\u00e1rio econ\u00f4mico e da conten\u00e7\u00e3o de custos pelas empresas.<\/p>\n<h2><strong>Problema real II<\/strong><\/h2>\n<p>Os investimentos p\u00fablicos ca\u00edram \u00e0 metade se comparados com 2014. Para completar, as despesas obrigat\u00f3rias continuam crescendo. Todo o esfor\u00e7o de corte tem sido nas discricion\u00e1rias (investimentos e custeio da m\u00e1quina p\u00fablica). Ou seja, o ajuste fiscal, diz o relat\u00f3rio, \u00e9 de \u201cbaixa qualidade\u201d. E se continuar assim, a confian\u00e7a externa n\u00e3o vem.<\/p>\n<p><strong>Vai sobrar&#8230;\/<\/strong> Para quem n\u00e3o acompanhou o fim de semana: Carlos Bolsonaro chamou o senador Major Ol\u00edmpio de \u201cbobo da corte\u201d e ouviu como resposta \u201cmoleque\u201d e que o presidente deveria \u201cprovidenciar uma interna\u00e7\u00e3o psiqui\u00e1trica\u201d para 02. Essa briga s\u00f3 atrapalha o deputado Eduardo Bolsonaro.<\/p>\n<p><strong>\u2026 para 03\/<\/strong> Embora Major Ol\u00edmpio diga que votar\u00e1 a favor da indica\u00e7\u00e3o de Eduardo Bolsonaro para embaixador do Brasil em Washington, a situa\u00e7\u00e3o faz crescer a imagem de que os filhos mais atrapalham do que ajudam o pai. A foto de 03 com a camiseta zombando dos movimentos LBGT no fim de semana tamb\u00e9m n\u00e3o ajuda.<\/p>\n<p>Terceiro milagre\/ H\u00e1 quem diga que a decis\u00e3o do presidente do STF, Dias Toffoli, de colocar a pris\u00e3o em segunda inst\u00e2ncia na sess\u00e3o desta quinta-feira, foi tomada numa conversa com o ex-presidente Jos\u00e9 Sarney em Roma, onde participaram da cerim\u00f4nia que transformou irm\u00e3 Dulce em Santa Dulce dos Pobres.<\/p>\n<p><strong>Fernanda Montenegro, 90 anos\/<\/strong> A atriz ser\u00e1 homenageada nesta quarta-feira, 16, data de seu anivers\u00e1rio, com uma sess\u00e3o especial na C\u00e2mara dos Deputados.<\/p>\n","protected":false},"excerpt":{"rendered":"<p>Coluna Bras\u00edlia-DF No caso de o Supremo Tribunal Federal (STF) entender que a pris\u00e3o s\u00f3 deve ocorrer depois de esgotados todos os recursos, o que pode resultar na liberta\u00e7\u00e3o do ex-presidente Lula, o PT percorrer\u00e1 o pa\u00eds dizendo que seu maior l\u00edder \u00e9 inocente, ainda que ele tenha outros processos e os recursos a respeito da condena\u00e7\u00e3o estejam pendentes nas [&hellip;]<\/p>\n","protected":false},"author":29,"featured_media":3325,"comment_status":"closed","ping_status":"closed","sticky":false,"template":"","format":"standard","meta":{"footnotes":""},"categories":[4],"tags":[],"class_list":["post-4307","post","type-post","status-publish","format-standard","has-post-thumbnail","hentry","category-coluna-brasilia-df"],"_links":{"self":[{"href":"https:\/\/blogs.correiobraziliense.com.br\/denise\/wp-json\/wp\/v2\/posts\/4307","targetHints":{"allow":["GET"]}}],"collection":[{"href":"https:\/\/blogs.correiobraziliense.com.br\/denise\/wp-json\/wp\/v2\/posts"}],"about":[{"href":"https:\/\/blogs.correiobraziliense.com.br\/denise\/wp-json\/wp\/v2\/types\/post"}],"author":[{"embeddable":true,"href":"https:\/\/blogs.correiobraziliense.com.br\/denise\/wp-json\/wp\/v2\/users\/29"}],"replies":[{"embeddable":true,"href":"https:\/\/blogs.correiobraziliense.com.br\/denise\/wp-json\/wp\/v2\/comments?post=4307"}],"version-history":[{"count":2,"href":"https:\/\/blogs.correiobraziliense.com.br\/denise\/wp-json\/wp\/v2\/posts\/4307\/revisions"}],"predecessor-version":[{"id":4310,"href":"https:\/\/blogs.correiobraziliense.com.br\/denise\/wp-json\/wp\/v2\/posts\/4307\/revisions\/4310"}],"wp:featuredmedia":[{"embeddable":true,"href":"https:\/\/blogs.correiobraziliense.com.br\/denise\/wp-json\/wp\/v2\/media\/3325"}],"wp:attachment":[{"href":"https:\/\/blogs.correiobraziliense.com.br\/denise\/wp-json\/wp\/v2\/media?parent=4307"}],"wp:term":[{"taxonomy":"category","embeddable":true,"href":"https:\/\/blogs.correiobraziliense.com.br\/denise\/wp-json\/wp\/v2\/categories?post=4307"},{"taxonomy":"post_tag","embeddable":true,"href":"https:\/\/blogs.correiobraziliense.com.br\/denise\/wp-json\/wp\/v2\/tags?post=4307"}],"curies":[{"name":"wp","href":"https:\/\/api.w.org\/{rel}","templated":true}]}}