{"id":4302,"date":"2019-10-14T07:46:33","date_gmt":"2019-10-14T10:46:33","guid":{"rendered":"https:\/\/blogs.correiobraziliense.com.br\/denise\/?p=4302"},"modified":"2019-10-14T07:52:28","modified_gmt":"2019-10-14T10:52:28","slug":"bolsonaro-nao-gostou-de-sermao-de-arcebispo-contra-a-direita","status":"publish","type":"post","link":"https:\/\/blogs.correiobraziliense.com.br\/denise\/bolsonaro-nao-gostou-de-sermao-de-arcebispo-contra-a-direita\/","title":{"rendered":"Bolsonaro n\u00e3o gostou de serm\u00e3o de arcebispo contra a direita"},"content":{"rendered":"<h6><strong>Coluna Bras\u00edlia-DF<\/strong><\/h6>\n<p>O governo levou um susto com o serm\u00e3o de Dom Orlando Brandes na missa matinal, na qual o arcebispo de Aparecida disse: <a href=\"https:\/\/www.correiobraziliense.com.br\/app\/noticia\/brasil\/2019\/10\/12\/interna-brasil,797023\/aparecida-bispo-critica-tradicionalismo-e-diz-que-direita-e-violen.shtml\">\u201ctemos um drag\u00e3o do tradicionalismo\u201d e se referiu \u00e0 direita como \u201cviolenta\u201d e \u201cinjusta\u201d<\/a>. E terminou essa parte da homilia dizendo: \u201cEstamos fuzilando o Papa, o S\u00ednodo, o Conc\u00edlio do Vaticano II. Parece que n\u00e3o queremos vida\u201d. Bolsonaro n\u00e3o gostou.<\/p>\n<h2><strong>Bolsonaro e a Igreja<\/strong><\/h2>\n<p>A ida do presidente Jair Bolsonaro \u00e0 Bas\u00edlica de Aparecida foi vista por setores do governo e da pr\u00f3pria Igreja como uma forma de tentar amortecer o mal-estar entre ele e parte da Igreja Cat\u00f3lica. \u00c9 o primeiro presidente a passar o dia da Padroeira em Aparecida, mas isso ainda n\u00e3o acabou com o desconforto.<\/p>\n<h2><strong>Nem adianta reclamar com o Papa<\/strong><\/h2>\n<p>O governo tamb\u00e9m est\u00e1 incomodado com o fato de o Papa Francisco ter uma reuni\u00e3o com os governadores de estados da Amaz\u00f4nia, 28 deste m\u00eas, no dia seguinte ao encerramento do s\u00ednodo. O motivo n\u00e3o \u00e9 a reuni\u00e3o em si, mas o fato de a Rede Eclesial Pan-Amaz\u00f4nica organizar o encontro sem sequer um convite ao governo federal. Soou, para alguns na \u00e1rea governamental, como uma provoca\u00e7\u00e3o, algo que est\u00e1 longe do papel da Igreja.<\/p>\n","protected":false},"excerpt":{"rendered":"<p>Coluna Bras\u00edlia-DF O governo levou um susto com o serm\u00e3o de Dom Orlando Brandes na missa matinal, na qual o arcebispo de Aparecida disse: \u201ctemos um drag\u00e3o do tradicionalismo\u201d e se referiu \u00e0 direita como \u201cviolenta\u201d e \u201cinjusta\u201d. E terminou essa parte da homilia dizendo: \u201cEstamos fuzilando o Papa, o S\u00ednodo, o Conc\u00edlio do Vaticano II. Parece que n\u00e3o queremos [&hellip;]<\/p>\n","protected":false},"author":29,"featured_media":3463,"comment_status":"closed","ping_status":"closed","sticky":false,"template":"","format":"standard","meta":{"footnotes":""},"categories":[4],"tags":[],"class_list":["post-4302","post","type-post","status-publish","format-standard","has-post-thumbnail","hentry","category-coluna-brasilia-df"],"_links":{"self":[{"href":"https:\/\/blogs.correiobraziliense.com.br\/denise\/wp-json\/wp\/v2\/posts\/4302","targetHints":{"allow":["GET"]}}],"collection":[{"href":"https:\/\/blogs.correiobraziliense.com.br\/denise\/wp-json\/wp\/v2\/posts"}],"about":[{"href":"https:\/\/blogs.correiobraziliense.com.br\/denise\/wp-json\/wp\/v2\/types\/post"}],"author":[{"embeddable":true,"href":"https:\/\/blogs.correiobraziliense.com.br\/denise\/wp-json\/wp\/v2\/users\/29"}],"replies":[{"embeddable":true,"href":"https:\/\/blogs.correiobraziliense.com.br\/denise\/wp-json\/wp\/v2\/comments?post=4302"}],"version-history":[{"count":2,"href":"https:\/\/blogs.correiobraziliense.com.br\/denise\/wp-json\/wp\/v2\/posts\/4302\/revisions"}],"predecessor-version":[{"id":4306,"href":"https:\/\/blogs.correiobraziliense.com.br\/denise\/wp-json\/wp\/v2\/posts\/4302\/revisions\/4306"}],"wp:featuredmedia":[{"embeddable":true,"href":"https:\/\/blogs.correiobraziliense.com.br\/denise\/wp-json\/wp\/v2\/media\/3463"}],"wp:attachment":[{"href":"https:\/\/blogs.correiobraziliense.com.br\/denise\/wp-json\/wp\/v2\/media?parent=4302"}],"wp:term":[{"taxonomy":"category","embeddable":true,"href":"https:\/\/blogs.correiobraziliense.com.br\/denise\/wp-json\/wp\/v2\/categories?post=4302"},{"taxonomy":"post_tag","embeddable":true,"href":"https:\/\/blogs.correiobraziliense.com.br\/denise\/wp-json\/wp\/v2\/tags?post=4302"}],"curies":[{"name":"wp","href":"https:\/\/api.w.org\/{rel}","templated":true}]}}