{"id":4301,"date":"2019-10-14T07:39:47","date_gmt":"2019-10-14T10:39:47","guid":{"rendered":"https:\/\/blogs.correiobraziliense.com.br\/denise\/?p=4301"},"modified":"2019-10-14T07:39:47","modified_gmt":"2019-10-14T10:39:47","slug":"partidos-querem-limitar-janela-de-troca-de-legenda-antes-das-eleicoes","status":"publish","type":"post","link":"https:\/\/blogs.correiobraziliense.com.br\/denise\/partidos-querem-limitar-janela-de-troca-de-legenda-antes-das-eleicoes\/","title":{"rendered":"Partidos querem limitar janela de troca de legenda antes das elei\u00e7\u00f5es"},"content":{"rendered":"<h6><strong>Coluna Bras\u00edlia-DF<\/strong><\/h6>\n<p>Os partidos e seus principais caciques preparam uma reforma pol\u00edtica para fechar todas as portas de troca de legenda, deixando aberta apenas uma janela para que a mudan\u00e7a seja feita no per\u00edodo de 30 dias que antecedem a marca de um ano antes da elei\u00e7\u00e3o. A ordem \u00e9 acabar com essa hist\u00f3ria de permitir que a cria\u00e7\u00e3o de um partido, ou mesmo a fus\u00e3o de agremia\u00e7\u00f5es, possa servir de pretexto para que os deputados pulem de legenda.<\/p>\n<p>\u00bb \u00bb \u00bb<\/p>\n<p>A proposta, em gesta\u00e7\u00e3o nos jantares de Bras\u00edlia, faz sentido. Vem como uma luva para evitar que os puxadores de votos, caso de Bolsonaro, possam organizar um partido na und\u00e9cima hora da sucess\u00e3o presidencial e levar com ele uma penca de deputados. Diante do saco de gatos que virou o PSL, h\u00e1 muitos no centro da pol\u00edtica com receio de movimentos mais ousados, com novas agremia\u00e7\u00f5es.<\/p>\n<p>O prazo de um ano das elei\u00e7\u00f5es tamb\u00e9m n\u00e3o \u00e9 \u00e0 toa. Assim, todos conhecer\u00e3o com anteced\u00eancia a for\u00e7a de cada um. Sozinho, o governo n\u00e3o conseguir\u00e1 barrar a proposta. E, at\u00e9 aqui, n\u00e3o h\u00e1 quem a conteste entre seus potenciais aliados. Portanto, caber\u00e1 ao presidente aceitar a regra do jogo eleitoral que for definida pelos congressistas, a cada dia mais distantes do governo.<\/p>\n<h2>\n<strong>Espelhados<\/strong><\/h2>\n<p>A guerra interna do PSL deixa o partido de Jair Bolsonaro t\u00e3o confuso quanto era o PT nos tempos em que a legenda de Lula se refestelava nos sal\u00f5es de Bras\u00edlia. L\u00e1 atr\u00e1s, v\u00e1rios deixaram o PT quando Lula empreendeu a reforma da Previd\u00eancia e tamb\u00e9m houve muita gente descontente no esc\u00e2ndalo do mensal\u00e3o. Agora, no PSL, com den\u00fancias de laranjas e por a\u00ed vai, n\u00e3o est\u00e1 muito diferente.<\/p>\n<h2>\n<strong>Curtidas<\/strong><\/h2>\n<p><strong>BFF\/<\/strong> O l\u00edder do MDB, <strong>Eduardo Braga<\/strong> (AM), e o senador <strong>Fl\u00e1vio Bolsonaro<\/strong> (PSL-RJ) est\u00e3o num momento \u201cbest friend forever\u201d. Invariavelmente, conversam no plen\u00e1rio e, dia desses, chegaram juntos ao Senado. Em pol\u00edtica, isso n\u00e3o \u00e9 coincid\u00eancia.<\/p>\n<p><strong>Foco no Rio\/<\/strong> O MDB do Rio de Janeiro virou terra arrasada desde que seus principais caciques foram para a cadeia \u2014 S\u00e9rgio Cabral, Eduardo Cunha e Jorge Picciani. Por isso, tem muita gente de olho nessa amizade entre o l\u00edder emedebista e o 01.<\/p>\n<p><strong>Miss\u00e3o quase imposs\u00edvel\/<\/strong> O ex-senador <strong>Chiquinho Esc\u00f3rcio<\/strong> (MDB) telefonou para <strong>Alberto Fraga<\/strong> dia desses e foi direto: \u201cVoc\u00ea agora n\u00e3o \u00e9 mais coronel da PM\u201d. Antes que Fraga pudesse perguntar por que, o r\u00e1pido Chiquinho saiu-se com esta: \u201cVoc\u00ea agora \u00e9 bombeiro!\u201d \u00c9 Fraga quem tem ajudado a acalmar os \u00e2nimos do presidente quando a crise aperta entre Bolsonaro e o Congresso.<\/p>\n<p><strong>Festa em Curitiba em suspense\/<\/strong> Calma, pessoal! Nada a ver com Lula e, sim, com a turma que est\u00e1 no complexo M\u00e9dico Penal. L\u00e1, sempre tem uma confraterniza\u00e7\u00e3o de fim de ano para os detentos, mediante autoriza\u00e7\u00e3o do juiz corregedor dos pres\u00eddios ou da Vara de Execu\u00e7\u00e3o Penal. A deste ano ainda est\u00e1 sob risco. At\u00e9 agora, a autoriza\u00e7\u00e3o n\u00e3o chegou ao Conselho da Comunidade de Curitiba, que \u00e9 quem organiza o evento.<\/p>\n","protected":false},"excerpt":{"rendered":"<p>Coluna Bras\u00edlia-DF Os partidos e seus principais caciques preparam uma reforma pol\u00edtica para fechar todas as portas de troca de legenda, deixando aberta apenas uma janela para que a mudan\u00e7a seja feita no per\u00edodo de 30 dias que antecedem a marca de um ano antes da elei\u00e7\u00e3o. A ordem \u00e9 acabar com essa hist\u00f3ria de permitir que a cria\u00e7\u00e3o de [&hellip;]<\/p>\n","protected":false},"author":29,"featured_media":4303,"comment_status":"closed","ping_status":"closed","sticky":false,"template":"","format":"standard","meta":{"footnotes":""},"categories":[4],"tags":[],"class_list":["post-4301","post","type-post","status-publish","format-standard","has-post-thumbnail","hentry","category-coluna-brasilia-df"],"_links":{"self":[{"href":"https:\/\/blogs.correiobraziliense.com.br\/denise\/wp-json\/wp\/v2\/posts\/4301","targetHints":{"allow":["GET"]}}],"collection":[{"href":"https:\/\/blogs.correiobraziliense.com.br\/denise\/wp-json\/wp\/v2\/posts"}],"about":[{"href":"https:\/\/blogs.correiobraziliense.com.br\/denise\/wp-json\/wp\/v2\/types\/post"}],"author":[{"embeddable":true,"href":"https:\/\/blogs.correiobraziliense.com.br\/denise\/wp-json\/wp\/v2\/users\/29"}],"replies":[{"embeddable":true,"href":"https:\/\/blogs.correiobraziliense.com.br\/denise\/wp-json\/wp\/v2\/comments?post=4301"}],"version-history":[{"count":1,"href":"https:\/\/blogs.correiobraziliense.com.br\/denise\/wp-json\/wp\/v2\/posts\/4301\/revisions"}],"predecessor-version":[{"id":4304,"href":"https:\/\/blogs.correiobraziliense.com.br\/denise\/wp-json\/wp\/v2\/posts\/4301\/revisions\/4304"}],"wp:featuredmedia":[{"embeddable":true,"href":"https:\/\/blogs.correiobraziliense.com.br\/denise\/wp-json\/wp\/v2\/media\/4303"}],"wp:attachment":[{"href":"https:\/\/blogs.correiobraziliense.com.br\/denise\/wp-json\/wp\/v2\/media?parent=4301"}],"wp:term":[{"taxonomy":"category","embeddable":true,"href":"https:\/\/blogs.correiobraziliense.com.br\/denise\/wp-json\/wp\/v2\/categories?post=4301"},{"taxonomy":"post_tag","embeddable":true,"href":"https:\/\/blogs.correiobraziliense.com.br\/denise\/wp-json\/wp\/v2\/tags?post=4301"}],"curies":[{"name":"wp","href":"https:\/\/api.w.org\/{rel}","templated":true}]}}