{"id":4295,"date":"2019-10-11T07:50:56","date_gmt":"2019-10-11T10:50:56","guid":{"rendered":"https:\/\/blogs.correiobraziliense.com.br\/denise\/?p=4295"},"modified":"2019-10-11T07:50:56","modified_gmt":"2019-10-11T10:50:56","slug":"deputados-do-psl-querem-pente-fino-nas-contas-do-partido","status":"publish","type":"post","link":"https:\/\/blogs.correiobraziliense.com.br\/denise\/deputados-do-psl-querem-pente-fino-nas-contas-do-partido\/","title":{"rendered":"Deputados do PSL querem pente-fino nas contas do partido"},"content":{"rendered":"<p><strong>Coluna Bras\u00edlia-DF<\/strong><\/p>\n<p>Deputados do <strong>PSL<\/strong> se preparam para ingressar na Justi\u00e7a Eleitoral exigindo um pente-fino nas contas do partido nos \u00faltimos cinco anos. Em conversas reservadas, alguns dizem que o dinheiro p\u00fablico recebido pela legenda n\u00e3o \u00e9 de seu presidente e, sim, do eleitor. Se essa a\u00e7\u00e3o for levada a cabo nos pr\u00f3ximos dias, estar\u00e1 declarada uma guerra sem data para terminar.<\/p>\n<p>O presidente Jair Bolsonaro est\u00e1 na linha do quem n\u00e3o deve n\u00e3o teme. A amigos, esses parlamentares t\u00eam dito que eles e o presidente foram eleitos sem precisar de Fundo Partid\u00e1rio ou mesmo do Fundo Eleitoral. O que eles n\u00e3o querem perder \u00e9 o apoio das redes sociais, que est\u00e1 em sintonia com a cobran\u00e7a de mais transpar\u00eancia e regras de compliance.<\/p>\n<p><strong>Nem milagre junta\/<\/strong> Presidente do DEM, o prefeito de Salvador, ACM Neto, ser\u00e1 cobrado na pr\u00f3xima semana para que d\u00ea uma posi\u00e7\u00e3o oficial sobre essas conversas de filia\u00e7\u00e3o de Luciano Huck ao partido. <a href=\"https:\/\/blogs.correiobraziliense.com.br\/denise\/evangelicos-deixarao-o-dem-em-caso-de-filiacao-de-huck\/\">Conforme antecipou a coluna ontem, a cobran\u00e7a vir\u00e1 dos evang\u00e9licos<\/a>.<\/p>\n<p><strong>Nem milagre junta II\/<\/strong> \u201cSe isso for confirmado, teremos muitas dificuldades em permanecer, por causa da marca global do Huck. Para n\u00f3s, evang\u00e9licos, \u00e9 muito ruim. Estariam nos convidando a se retirar\u201d, diz o deputado S\u00f3stenes Cavalcante (DEM-RJ).<\/p>\n<p><strong>S\u00f3 milagre une\/<\/strong> Os deputados baianos Nelson Pellegrino (PT) e Elmar Nascimento (DEM) viajaram no mesmo voo da FAB para a cerim\u00f4nia de canoniza\u00e7\u00e3o de irm\u00e3 Dulce neste domingo, no Vaticano.<\/p>\n<p><strong>Que tristeza\/<\/strong> A chegada da mancha de \u00f3leo a Arembepe (BA), onde est\u00e1 localizada uma das esta\u00e7\u00f5es do projeto Tamar, deixou os ambientalistas de cabelo em p\u00e9. A \u00e1rea \u00e9 a que concentra maior desova de tartarugas marinhas. E estamos justamente nesse per\u00edodo.<\/p>\n","protected":false},"excerpt":{"rendered":"<p>Coluna Bras\u00edlia-DF Deputados do PSL se preparam para ingressar na Justi\u00e7a Eleitoral exigindo um pente-fino nas contas do partido nos \u00faltimos cinco anos. Em conversas reservadas, alguns dizem que o dinheiro p\u00fablico recebido pela legenda n\u00e3o \u00e9 de seu presidente e, sim, do eleitor. Se essa a\u00e7\u00e3o for levada a cabo nos pr\u00f3ximos dias, estar\u00e1 declarada uma guerra sem data [&hellip;]<\/p>\n","protected":false},"author":29,"featured_media":4297,"comment_status":"closed","ping_status":"closed","sticky":false,"template":"","format":"standard","meta":{"footnotes":""},"categories":[4],"tags":[28,38],"class_list":["post-4295","post","type-post","status-publish","format-standard","has-post-thumbnail","hentry","category-coluna-brasilia-df","tag-bolsonaro","tag-psl"],"_links":{"self":[{"href":"https:\/\/blogs.correiobraziliense.com.br\/denise\/wp-json\/wp\/v2\/posts\/4295","targetHints":{"allow":["GET"]}}],"collection":[{"href":"https:\/\/blogs.correiobraziliense.com.br\/denise\/wp-json\/wp\/v2\/posts"}],"about":[{"href":"https:\/\/blogs.correiobraziliense.com.br\/denise\/wp-json\/wp\/v2\/types\/post"}],"author":[{"embeddable":true,"href":"https:\/\/blogs.correiobraziliense.com.br\/denise\/wp-json\/wp\/v2\/users\/29"}],"replies":[{"embeddable":true,"href":"https:\/\/blogs.correiobraziliense.com.br\/denise\/wp-json\/wp\/v2\/comments?post=4295"}],"version-history":[{"count":1,"href":"https:\/\/blogs.correiobraziliense.com.br\/denise\/wp-json\/wp\/v2\/posts\/4295\/revisions"}],"predecessor-version":[{"id":4298,"href":"https:\/\/blogs.correiobraziliense.com.br\/denise\/wp-json\/wp\/v2\/posts\/4295\/revisions\/4298"}],"wp:featuredmedia":[{"embeddable":true,"href":"https:\/\/blogs.correiobraziliense.com.br\/denise\/wp-json\/wp\/v2\/media\/4297"}],"wp:attachment":[{"href":"https:\/\/blogs.correiobraziliense.com.br\/denise\/wp-json\/wp\/v2\/media?parent=4295"}],"wp:term":[{"taxonomy":"category","embeddable":true,"href":"https:\/\/blogs.correiobraziliense.com.br\/denise\/wp-json\/wp\/v2\/categories?post=4295"},{"taxonomy":"post_tag","embeddable":true,"href":"https:\/\/blogs.correiobraziliense.com.br\/denise\/wp-json\/wp\/v2\/tags?post=4295"}],"curies":[{"name":"wp","href":"https:\/\/api.w.org\/{rel}","templated":true}]}}