{"id":4288,"date":"2019-10-09T07:30:14","date_gmt":"2019-10-09T10:30:14","guid":{"rendered":"https:\/\/blogs.correiobraziliense.com.br\/denise\/?p=4288"},"modified":"2019-10-09T07:30:14","modified_gmt":"2019-10-09T10:30:14","slug":"apos-pedido-de-maia-huck-ira-em-reuniao-do-centrao","status":"publish","type":"post","link":"https:\/\/blogs.correiobraziliense.com.br\/denise\/apos-pedido-de-maia-huck-ira-em-reuniao-do-centrao\/","title":{"rendered":"Ap\u00f3s pedido de Maia, Huck ir\u00e1 em reuni\u00e3o do Centr\u00e3o"},"content":{"rendered":"<h6><strong>Coluna Bras\u00edlia-DF<\/strong><\/h6>\n<p>Dia desses, na tradicional reuni\u00e3o que os partidos do <strong>Centr\u00e3o<\/strong> fazem \u00e0s quartas-feiras, o presidente da C\u00e2mara, <strong>Rodrigo Maia<\/strong> (DEM-RJ), pediu para que levassem o apresentador<strong> Luciano Huck<\/strong>. Recebeu sinal verde de todos os partidos presentes \u2014 Republicanos, PL, PP, MDB, Avante e Solidariedade. A conversa ainda ser\u00e1 marcada, mas a inten\u00e7\u00e3o de Maia em chamar o tamb\u00e9m empres\u00e1rio para uma conversa com tantos partidos, e o aceite geral, mostra que essas agremia\u00e7\u00f5es procuram desde j\u00e1 uma alternativa para fugir da polariza\u00e7\u00e3o <strong>PT<\/strong> versus Jair Bolsonaro.<\/p>\n<p>Esses movimentos s\u00e3o considerados para l\u00e1 de precipitados, uma vez que as premissas para a pr\u00f3xima elei\u00e7\u00e3o presidencial ainda n\u00e3o est\u00e3o postas. Por\u00e9m, v\u00e3o virar motivo de preocupa\u00e7\u00e3o para o governo, porque demonstram um certo desd\u00e9m com a perspectiva de apoiar a reelei\u00e7\u00e3o do presidente da Rep\u00fablica. Essa atitude de Maia, de colocar Huck na roda dos potenciais aliados de Bolsonaro,<a href=\"https:\/\/www.correiobraziliense.com.br\/app\/noticia\/politica\/2019\/10\/08\/interna_politica,795744\/para-maia-ida-de-bolsonaro-geraria-divergencias-no-dem.shtml\" target=\"_blank\" rel=\"noopener\"> associada \u00e0s declara\u00e7\u00f5es de que a agenda de Bolsonaro geraria conflito com o <strong>DEM<\/strong><\/a>, indica que, se o presidente quiser a reelei\u00e7\u00e3o, ter\u00e1 que segurar o <strong>PSL<\/strong>. O partido hoje presidido por <strong>Luciano Bivar<\/strong> (PE) ganhou musculatura no ano passado gra\u00e7as a Bolsonaro, ao ponto de conquistar a maior fatia do fundo eleitoral e partid\u00e1rio.<\/p>\n<h2>\n<strong>Jogos eleitorais I<\/strong><\/h2>\n<p>Parte das legendas de centro est\u00e3o empenhadas no que consideram sua primeira miss\u00e3o rumo a 2022: tirar Joice Hasselmann do PSL e fazer dela prefeita de S\u00e3o Paulo, num projeto alternativo ao bolsonarismo. Nesse sentido, as portas do DEM, por exemplo, est\u00e3o escancaradas para receb\u00ea-la.<\/p>\n<h2>\n<strong>Jogos eleitorais II<\/strong><\/h2>\n<p>As apostas de parcela dessas legendas de centro s\u00e3o de que a elei\u00e7\u00e3o paulistana ficar\u00e1 entre Joice e o ex-governador M\u00e1rcio Fran\u00e7a (PSB). Quanto ao PT, a sensa\u00e7\u00e3o dos pol\u00edticos \u00e9 de que levar\u00e1 uma gera\u00e7\u00e3o para que a popula\u00e7\u00e3o volte a recuperar a confian\u00e7a no partido de Lula.<\/p>\n","protected":false},"excerpt":{"rendered":"<p>Coluna Bras\u00edlia-DF Dia desses, na tradicional reuni\u00e3o que os partidos do Centr\u00e3o fazem \u00e0s quartas-feiras, o presidente da C\u00e2mara, Rodrigo Maia (DEM-RJ), pediu para que levassem o apresentador Luciano Huck. Recebeu sinal verde de todos os partidos presentes \u2014 Republicanos, PL, PP, MDB, Avante e Solidariedade. A conversa ainda ser\u00e1 marcada, mas a inten\u00e7\u00e3o de Maia em chamar o tamb\u00e9m [&hellip;]<\/p>\n","protected":false},"author":29,"featured_media":4023,"comment_status":"closed","ping_status":"closed","sticky":false,"template":"","format":"standard","meta":{"footnotes":""},"categories":[4],"tags":[],"class_list":["post-4288","post","type-post","status-publish","format-standard","has-post-thumbnail","hentry","category-coluna-brasilia-df"],"_links":{"self":[{"href":"https:\/\/blogs.correiobraziliense.com.br\/denise\/wp-json\/wp\/v2\/posts\/4288","targetHints":{"allow":["GET"]}}],"collection":[{"href":"https:\/\/blogs.correiobraziliense.com.br\/denise\/wp-json\/wp\/v2\/posts"}],"about":[{"href":"https:\/\/blogs.correiobraziliense.com.br\/denise\/wp-json\/wp\/v2\/types\/post"}],"author":[{"embeddable":true,"href":"https:\/\/blogs.correiobraziliense.com.br\/denise\/wp-json\/wp\/v2\/users\/29"}],"replies":[{"embeddable":true,"href":"https:\/\/blogs.correiobraziliense.com.br\/denise\/wp-json\/wp\/v2\/comments?post=4288"}],"version-history":[{"count":1,"href":"https:\/\/blogs.correiobraziliense.com.br\/denise\/wp-json\/wp\/v2\/posts\/4288\/revisions"}],"predecessor-version":[{"id":4290,"href":"https:\/\/blogs.correiobraziliense.com.br\/denise\/wp-json\/wp\/v2\/posts\/4288\/revisions\/4290"}],"wp:featuredmedia":[{"embeddable":true,"href":"https:\/\/blogs.correiobraziliense.com.br\/denise\/wp-json\/wp\/v2\/media\/4023"}],"wp:attachment":[{"href":"https:\/\/blogs.correiobraziliense.com.br\/denise\/wp-json\/wp\/v2\/media?parent=4288"}],"wp:term":[{"taxonomy":"category","embeddable":true,"href":"https:\/\/blogs.correiobraziliense.com.br\/denise\/wp-json\/wp\/v2\/categories?post=4288"},{"taxonomy":"post_tag","embeddable":true,"href":"https:\/\/blogs.correiobraziliense.com.br\/denise\/wp-json\/wp\/v2\/tags?post=4288"}],"curies":[{"name":"wp","href":"https:\/\/api.w.org\/{rel}","templated":true}]}}