{"id":4258,"date":"2019-10-04T08:28:44","date_gmt":"2019-10-04T11:28:44","guid":{"rendered":"https:\/\/blogs.correiobraziliense.com.br\/denise\/?p=4258"},"modified":"2019-10-04T08:28:44","modified_gmt":"2019-10-04T11:28:44","slug":"parlamentares-vao-tirar-semana-de-folga-por-canonizacao-de-irma-dulce","status":"publish","type":"post","link":"https:\/\/blogs.correiobraziliense.com.br\/denise\/parlamentares-vao-tirar-semana-de-folga-por-canonizacao-de-irma-dulce\/","title":{"rendered":"Parlamentares v\u00e3o tirar semana de folga por canoniza\u00e7\u00e3o de irm\u00e3 Dulce"},"content":{"rendered":"<h6><strong>Coluna Bras\u00edlia-DF<\/strong><\/h6>\n<p>Santa pausa, Batman!! Os parlamentares planejam aproveitar a <strong>canoniza\u00e7\u00e3o de irm\u00e3 Dulce<\/strong>, a primeira santa brasileira, para praticamente tirar a pr\u00f3xima semana de folga, uma vez que h\u00e1 comitivas para a It\u00e1lia capitaneadas por <strong>Rodrigo Maia<\/strong> e <strong>Davi Alcolumbre<\/strong>.<\/p>\n<p>A canoniza\u00e7\u00e3o \u00e9 em 13 de outubro, mas a turma j\u00e1 come\u00e7a a se mobilizar para viajar na quarta-feira \u00e0 noite. Da\u00ed o risco para vota\u00e7\u00e3o da <strong>reforma da Previd\u00eancia<\/strong>, <a href=\"https:\/\/blogs.correiobraziliense.com.br\/denise\/2o-turno-da-previdencia-so-depois-do-atendimento\/\">em segundo turno<\/a>, na semana que vem.<\/p>\n","protected":false},"excerpt":{"rendered":"<p>Coluna Bras\u00edlia-DF Santa pausa, Batman!! Os parlamentares planejam aproveitar a canoniza\u00e7\u00e3o de irm\u00e3 Dulce, a primeira santa brasileira, para praticamente tirar a pr\u00f3xima semana de folga, uma vez que h\u00e1 comitivas para a It\u00e1lia capitaneadas por Rodrigo Maia e Davi Alcolumbre. A canoniza\u00e7\u00e3o \u00e9 em 13 de outubro, mas a turma j\u00e1 come\u00e7a a se mobilizar para viajar na quarta-feira [&hellip;]<\/p>\n","protected":false},"author":29,"featured_media":4261,"comment_status":"closed","ping_status":"closed","sticky":false,"template":"","format":"standard","meta":{"footnotes":""},"categories":[4],"tags":[193],"class_list":["post-4258","post","type-post","status-publish","format-standard","has-post-thumbnail","hentry","category-coluna-brasilia-df","tag-irma-dulce"],"_links":{"self":[{"href":"https:\/\/blogs.correiobraziliense.com.br\/denise\/wp-json\/wp\/v2\/posts\/4258","targetHints":{"allow":["GET"]}}],"collection":[{"href":"https:\/\/blogs.correiobraziliense.com.br\/denise\/wp-json\/wp\/v2\/posts"}],"about":[{"href":"https:\/\/blogs.correiobraziliense.com.br\/denise\/wp-json\/wp\/v2\/types\/post"}],"author":[{"embeddable":true,"href":"https:\/\/blogs.correiobraziliense.com.br\/denise\/wp-json\/wp\/v2\/users\/29"}],"replies":[{"embeddable":true,"href":"https:\/\/blogs.correiobraziliense.com.br\/denise\/wp-json\/wp\/v2\/comments?post=4258"}],"version-history":[{"count":1,"href":"https:\/\/blogs.correiobraziliense.com.br\/denise\/wp-json\/wp\/v2\/posts\/4258\/revisions"}],"predecessor-version":[{"id":4262,"href":"https:\/\/blogs.correiobraziliense.com.br\/denise\/wp-json\/wp\/v2\/posts\/4258\/revisions\/4262"}],"wp:featuredmedia":[{"embeddable":true,"href":"https:\/\/blogs.correiobraziliense.com.br\/denise\/wp-json\/wp\/v2\/media\/4261"}],"wp:attachment":[{"href":"https:\/\/blogs.correiobraziliense.com.br\/denise\/wp-json\/wp\/v2\/media?parent=4258"}],"wp:term":[{"taxonomy":"category","embeddable":true,"href":"https:\/\/blogs.correiobraziliense.com.br\/denise\/wp-json\/wp\/v2\/categories?post=4258"},{"taxonomy":"post_tag","embeddable":true,"href":"https:\/\/blogs.correiobraziliense.com.br\/denise\/wp-json\/wp\/v2\/tags?post=4258"}],"curies":[{"name":"wp","href":"https:\/\/api.w.org\/{rel}","templated":true}]}}