{"id":4250,"date":"2019-10-03T08:13:29","date_gmt":"2019-10-03T11:13:29","guid":{"rendered":"https:\/\/blogs.correiobraziliense.com.br\/denise\/?p=4250"},"modified":"2019-10-03T08:13:29","modified_gmt":"2019-10-03T11:13:29","slug":"angelica-e-contra-candidatura-de-huck-a-presidencia","status":"publish","type":"post","link":"https:\/\/blogs.correiobraziliense.com.br\/denise\/angelica-e-contra-candidatura-de-huck-a-presidencia\/","title":{"rendered":"Ang\u00e9lica \u00e9 contra candidatura de Huck \u00e0 Presid\u00eancia"},"content":{"rendered":"<p><strong>Coluna Bras\u00edlia-DF<\/strong><\/p>\n<p><strong>A trava de Huck\/<\/strong> Quem conhece o casal <strong>Luciano Huck e Ang\u00e9lica<\/strong>, cita a empres\u00e1ria e apresentadora como principal advers\u00e1ria da candidatura dele \u00e0 Presid\u00eancia da Rep\u00fablica. Ang\u00e9lica gosta da sua vida, da privacidade (ainda que hoje essa privacidade seja relativa, por causa do sucesso da dupla na tev\u00ea). De quebra, tem luz pr\u00f3pria. Por enquanto, n\u00e3o se convenceu a mudar tudo radicalmente para entrar num projeto presidencial.<\/p>\n","protected":false},"excerpt":{"rendered":"<p>Coluna Bras\u00edlia-DF A trava de Huck\/ Quem conhece o casal Luciano Huck e Ang\u00e9lica, cita a empres\u00e1ria e apresentadora como principal advers\u00e1ria da candidatura dele \u00e0 Presid\u00eancia da Rep\u00fablica. Ang\u00e9lica gosta da sua vida, da privacidade (ainda que hoje essa privacidade seja relativa, por causa do sucesso da dupla na tev\u00ea). De quebra, tem luz pr\u00f3pria. Por enquanto, n\u00e3o se [&hellip;]<\/p>\n","protected":false},"author":29,"featured_media":4252,"comment_status":"closed","ping_status":"closed","sticky":false,"template":"","format":"standard","meta":{"footnotes":""},"categories":[4],"tags":[],"class_list":["post-4250","post","type-post","status-publish","format-standard","has-post-thumbnail","hentry","category-coluna-brasilia-df"],"_links":{"self":[{"href":"https:\/\/blogs.correiobraziliense.com.br\/denise\/wp-json\/wp\/v2\/posts\/4250","targetHints":{"allow":["GET"]}}],"collection":[{"href":"https:\/\/blogs.correiobraziliense.com.br\/denise\/wp-json\/wp\/v2\/posts"}],"about":[{"href":"https:\/\/blogs.correiobraziliense.com.br\/denise\/wp-json\/wp\/v2\/types\/post"}],"author":[{"embeddable":true,"href":"https:\/\/blogs.correiobraziliense.com.br\/denise\/wp-json\/wp\/v2\/users\/29"}],"replies":[{"embeddable":true,"href":"https:\/\/blogs.correiobraziliense.com.br\/denise\/wp-json\/wp\/v2\/comments?post=4250"}],"version-history":[{"count":1,"href":"https:\/\/blogs.correiobraziliense.com.br\/denise\/wp-json\/wp\/v2\/posts\/4250\/revisions"}],"predecessor-version":[{"id":4253,"href":"https:\/\/blogs.correiobraziliense.com.br\/denise\/wp-json\/wp\/v2\/posts\/4250\/revisions\/4253"}],"wp:featuredmedia":[{"embeddable":true,"href":"https:\/\/blogs.correiobraziliense.com.br\/denise\/wp-json\/wp\/v2\/media\/4252"}],"wp:attachment":[{"href":"https:\/\/blogs.correiobraziliense.com.br\/denise\/wp-json\/wp\/v2\/media?parent=4250"}],"wp:term":[{"taxonomy":"category","embeddable":true,"href":"https:\/\/blogs.correiobraziliense.com.br\/denise\/wp-json\/wp\/v2\/categories?post=4250"},{"taxonomy":"post_tag","embeddable":true,"href":"https:\/\/blogs.correiobraziliense.com.br\/denise\/wp-json\/wp\/v2\/tags?post=4250"}],"curies":[{"name":"wp","href":"https:\/\/api.w.org\/{rel}","templated":true}]}}