{"id":4243,"date":"2019-10-02T08:10:23","date_gmt":"2019-10-02T11:10:23","guid":{"rendered":"https:\/\/blogs.correiobraziliense.com.br\/denise\/?p=4243"},"modified":"2019-10-02T08:10:23","modified_gmt":"2019-10-02T11:10:23","slug":"grupo-de-senadores-quer-manter-vetos-a-lei-que-flexibiliza-regras-partidarias","status":"publish","type":"post","link":"https:\/\/blogs.correiobraziliense.com.br\/denise\/grupo-de-senadores-quer-manter-vetos-a-lei-que-flexibiliza-regras-partidarias\/","title":{"rendered":"Grupo de senadores quer manter vetos \u00e0 lei que flexibiliza regras partid\u00e1rias"},"content":{"rendered":"<h6><strong>Coluna Bras\u00edlia-DF<\/strong><\/h6>\n<p>A demora dos deputados em votar os temas de interesse dos estados, como a securitiza\u00e7\u00e3o das d\u00edvidas, levou um grupo de senadores a apostar na manuten\u00e7\u00e3o dos vetos \u00e0 lei que flexibiliza as regras partid\u00e1rias, especialmente, a brecha para o aumento do fundo eleitoral. Tamb\u00e9m pretendem fazer \u201ccorpo mole\u201d para a vota\u00e7\u00e3o das mudan\u00e7as no Or\u00e7amento para atender as emendas dos deputados na C\u00e2mara.<\/p>\n<p>Enquanto uns reclamam, nos bastidores, do descaso da C\u00e2mara para com as medidas do pacto federativo, o senador Chico Rodrigues diz no viva-voz: \u201cCentr\u00e3o \u00e9 hoje um comando paralelo na C\u00e2mara. Com toda a lideran\u00e7a de Rodrigo (Maia), ela (a C\u00e2mara) vive submetida permanentemente aos humores do Centr\u00e3o\u201d, afirma o senador, vice-l\u00edder do governo.<\/p>\n<p>Nesse quesito, ali\u00e1s, governo e oposi\u00e7\u00e3o est\u00e3o praticamente juntos no Senado: \u201cA securitiza\u00e7\u00e3o das d\u00edvidas dos estados n\u00e3o sai porque os l\u00edderes, capitaneados por Arthur Lyra, que \u00e9 oposi\u00e7\u00e3o ao governador do seu estado, n\u00e3o quer votar. O projeto est\u00e1 ref\u00e9m dessa figura abomin\u00e1vel\u201d, dispara Cid. Nesse clima, apesar da tentativa de entendimento, hoje ou Rodrigo Maia d\u00e1 um sinal mais claro do que uma reuni\u00e3o para tentar votar, ou surpresas vir\u00e3o na sess\u00e3o de hoje do Congresso para an\u00e1lise dos vetos.<\/p>\n<p><strong>Hora da reza\/<\/strong> A canoniza\u00e7\u00e3o de irm\u00e3 Dulce, em 13 de outubro, promete atrapalhar o segundo turno da reforma da Previd\u00eancia. \u00c9 que tem um grupo de senadores indo em comitiva para a It\u00e1lia, acompanhar in loco a cerim\u00f4nia no Vaticano.<\/p>\n<p><strong>Seguro morreu de velho\/<\/strong> O presidente Jair Bolsonaro n\u00e3o planeja seguir esse comboio. A justificativa oficial \u00e9 a de que precisa se preservar para a viagem aos pa\u00edses \u00e1rabes no final do m\u00eas. A real \u00e9 de que ele foi aconselhado a evitar o risco de o papa Francisco fazer alguma refer\u00eancia \u00e0s mudan\u00e7as das regras de porte de arma no Brasil.<\/p>\n<p><strong>General em campo\/<\/strong> O ministro da Secretaria de Governo, general Eduardo Ramos, foi pessoalmente ao Senado verificar o clima para vota\u00e7\u00e3o da reforma da Previd\u00eancia no plen\u00e1rio. Saiu dizendo que iria \u201capagar um inc\u00eandio\u201d. Quando algu\u00e9m perguntou que inc\u00eandio era, o senador sorriu, fez aquela pausa de segundos, e completou: \u201cNa Amaz\u00f4nia!!!\u201d<\/p>\n<p><strong>Olhar de l\u00edder\/<\/strong> Comandante do MDB no Senado, o amazonino Eduardo Braga diz que n\u00e3o quer mais saber de ser l\u00edder do governo. Especialmente, no cen\u00e1rio atual. \u201cE olha que j\u00e1 enfrentei at\u00e9 on\u00e7a\u201d, comentou. Quando algu\u00e9m perguntou se a indica\u00e7\u00e3o de Eduardo Bolsonaro para embaixador era pior do que on\u00e7a, ele foi direto: \u201c\u00c9.. Pior que \u00e9\u201d, diz ele. Por\u00e9m, a avalia\u00e7\u00e3o de outros l\u00edderes \u00e9 a de que passa. Apertada, mas passa.<\/p>\n","protected":false},"excerpt":{"rendered":"<p>Coluna Bras\u00edlia-DF A demora dos deputados em votar os temas de interesse dos estados, como a securitiza\u00e7\u00e3o das d\u00edvidas, levou um grupo de senadores a apostar na manuten\u00e7\u00e3o dos vetos \u00e0 lei que flexibiliza as regras partid\u00e1rias, especialmente, a brecha para o aumento do fundo eleitoral. Tamb\u00e9m pretendem fazer \u201ccorpo mole\u201d para a vota\u00e7\u00e3o das mudan\u00e7as no Or\u00e7amento para atender [&hellip;]<\/p>\n","protected":false},"author":29,"featured_media":4245,"comment_status":"closed","ping_status":"closed","sticky":false,"template":"","format":"standard","meta":{"footnotes":""},"categories":[4],"tags":[],"class_list":["post-4243","post","type-post","status-publish","format-standard","has-post-thumbnail","hentry","category-coluna-brasilia-df"],"_links":{"self":[{"href":"https:\/\/blogs.correiobraziliense.com.br\/denise\/wp-json\/wp\/v2\/posts\/4243","targetHints":{"allow":["GET"]}}],"collection":[{"href":"https:\/\/blogs.correiobraziliense.com.br\/denise\/wp-json\/wp\/v2\/posts"}],"about":[{"href":"https:\/\/blogs.correiobraziliense.com.br\/denise\/wp-json\/wp\/v2\/types\/post"}],"author":[{"embeddable":true,"href":"https:\/\/blogs.correiobraziliense.com.br\/denise\/wp-json\/wp\/v2\/users\/29"}],"replies":[{"embeddable":true,"href":"https:\/\/blogs.correiobraziliense.com.br\/denise\/wp-json\/wp\/v2\/comments?post=4243"}],"version-history":[{"count":1,"href":"https:\/\/blogs.correiobraziliense.com.br\/denise\/wp-json\/wp\/v2\/posts\/4243\/revisions"}],"predecessor-version":[{"id":4246,"href":"https:\/\/blogs.correiobraziliense.com.br\/denise\/wp-json\/wp\/v2\/posts\/4243\/revisions\/4246"}],"wp:featuredmedia":[{"embeddable":true,"href":"https:\/\/blogs.correiobraziliense.com.br\/denise\/wp-json\/wp\/v2\/media\/4245"}],"wp:attachment":[{"href":"https:\/\/blogs.correiobraziliense.com.br\/denise\/wp-json\/wp\/v2\/media?parent=4243"}],"wp:term":[{"taxonomy":"category","embeddable":true,"href":"https:\/\/blogs.correiobraziliense.com.br\/denise\/wp-json\/wp\/v2\/categories?post=4243"},{"taxonomy":"post_tag","embeddable":true,"href":"https:\/\/blogs.correiobraziliense.com.br\/denise\/wp-json\/wp\/v2\/tags?post=4243"}],"curies":[{"name":"wp","href":"https:\/\/api.w.org\/{rel}","templated":true}]}}