{"id":4228,"date":"2019-10-01T08:22:15","date_gmt":"2019-10-01T11:22:15","guid":{"rendered":"https:\/\/blogs.correiobraziliense.com.br\/denise\/?p=4228"},"modified":"2019-10-01T08:26:17","modified_gmt":"2019-10-01T11:26:17","slug":"alvos-da-lava-jato-querem-usar-revelacoes-de-janot","status":"publish","type":"post","link":"https:\/\/blogs.correiobraziliense.com.br\/denise\/alvos-da-lava-jato-querem-usar-revelacoes-de-janot\/","title":{"rendered":"Alvos da Lava-Jato querem usar revela\u00e7\u00f5es de Janot"},"content":{"rendered":"<h6><strong>Coluna Bras\u00edlia-DF<\/strong><\/h6>\n<p>Os pol\u00edticos enroscados na <strong>Lava-Jato<\/strong> querem aproveitar a onda sobre <strong>Rodrigo Janot<\/strong> para ver se conseguem um al\u00edvio maior no Supremo Tribunal Federal (<strong>STF<\/strong>). A moda agora \u00e9 dizer que a instabilidade emocional do ex-procurador-geral n\u00e3o ficou apenas na \u201cloucura\u201d de cogitar matar o ministro Gilmar Mendes, mas extrapolou para a reda\u00e7\u00e3o de seus pedidos ao STF.<\/p>\n<p>S\u00f3 tem um probleminha: Janot, em muitos casos, apenas encaminhava os pedidos preparados por seus subordinados, uma equipe t\u00e3o at\u00f4nita com as revela\u00e7\u00f5es do procurador quanto os pr\u00f3prios ministros do Supremo.<\/p>\n<h2><strong>O namoro com o Nordeste<\/strong><\/h2>\n<p>O presidente Jair Bolsonaro fez quest\u00e3o de lan\u00e7ar o AgroNordeste hoje no Planalto, como parte de sua estrat\u00e9gia para ganhar algum terreno na regi\u00e3o onde o PT tem inser\u00e7\u00e3o. O plano de hoje apostar\u00e1, especialmente, na fruticultura e na cadeia produtiva dos caprinos para exporta\u00e7\u00e3o, decorrente da abertura de mercados que a ministra da Agricultura, Tereza Cristina, conseguiu em suas viagens. Por exemplo, os l\u00e1cteos para o Egito.<\/p>\n<h2><strong>Yes, n\u00f3s temos bananas<\/strong><\/h2>\n<p>Uma das esperan\u00e7as do governo \u00e9 vender bananas para a Europa. Em Paris, o produto \u00e9 importado de Israel e custa mais de um euro, a unidade, conforme levantamento do setor. A aposta do governo \u00e9 vender uma penca por esse pre\u00e7o.<\/p>\n<h2><strong>Melhor de tr\u00eas<\/strong><\/h2>\n<p>O presidente da C\u00e2mara, Rodrigo Maia, est\u00e1 com um problema de longo prazo: quem apoiar para substitu\u00ed-lo no comando da Casa. At\u00e9 aqui, os interessados s\u00e3o do Centr\u00e3o \u2014 Aguinaldo Ribeiro (PP-PB), Marcos Pereira (Republicanos-SP) e Arthur Lyra (PP-AL). Setores do DEM consideram que ele n\u00e3o pode se render tanto ao Centr\u00e3o. Rodrigo vai deixar decantar nos pr\u00f3ximos 12 meses para ver como \u00e9 que fica.<\/p>\n<h2><strong>A ordem dos fatores<\/strong><\/h2>\n<p>O presidente Jair Bolsonaro j\u00e1 enviou ao Congresso o nome do futuro embaixador do Brasil no Canad\u00e1, Pedro B\u00f3rio. O de Eduardo Bolsonaro para Washington vai esperar a vota\u00e7\u00e3o da reforma da Previd\u00eancia.<\/p>\n<blockquote><p>&#8220;Pode at\u00e9 ter j\u00faris. Mas prud\u00eancia est\u00e1 faltando\u201d<\/p><\/blockquote>\n<p style=\"text-align: right\"><strong>Do ex-procurador Aristides Junqueira, referindo-se ao papel do Judici\u00e1rio e dos demais Poderes.<\/strong><\/p>\n<p><strong>Nem vem\/<\/strong> O vice-governador de S\u00e3o Paulo, Rodrigo Garcia (DEM), j\u00e1 avisou ao seu partido que, embora tenha participado do almo\u00e7o com Luciano Huck na semana passada, seu candidato a presidente \u00e9 o atual governador de S\u00e3o Paulo, Jo\u00e3o Doria. Logo, s\u00f3 apoiar\u00e1 se houver acordo.<\/p>\n<figure id=\"attachment_4229\" aria-describedby=\"caption-attachment-4229\" style=\"width: 800px\" class=\"wp-caption aligncenter\"><a href=\"https:\/\/blogs.correiobraziliense.com.br\/denise\/wp-content\/uploads\/sites\/12\/2019\/10\/CBNFOT300920191557.jpg\"><img loading=\"lazy\" decoding=\"async\" class=\"wp-image-4229 size-full\" src=\"https:\/\/blogs.correiobraziliense.com.br\/denise\/wp-content\/uploads\/sites\/12\/2019\/10\/CBNFOT300920191557.jpg\" alt=\"Cr\u00e9dito: Arquivo Pessoal. Rodrigo Janot e Gilmar Mendes em 1988.\" width=\"800\" height=\"480\" srcset=\"https:\/\/blogs.correiobraziliense.com.br\/denise\/wp-content\/uploads\/sites\/12\/2019\/10\/CBNFOT300920191557.jpg 800w, https:\/\/blogs.correiobraziliense.com.br\/denise\/wp-content\/uploads\/sites\/12\/2019\/10\/CBNFOT300920191557-300x180.jpg 300w, https:\/\/blogs.correiobraziliense.com.br\/denise\/wp-content\/uploads\/sites\/12\/2019\/10\/CBNFOT300920191557-768x461.jpg 768w, https:\/\/blogs.correiobraziliense.com.br\/denise\/wp-content\/uploads\/sites\/12\/2019\/10\/CBNFOT300920191557-350x210.jpg 350w, https:\/\/blogs.correiobraziliense.com.br\/denise\/wp-content\/uploads\/sites\/12\/2019\/10\/CBNFOT300920191557-550x330.jpg 550w, https:\/\/blogs.correiobraziliense.com.br\/denise\/wp-content\/uploads\/sites\/12\/2019\/10\/CBNFOT300920191557-230x138.jpg 230w\" sizes=\"auto, (max-width: 800px) 100vw, 800px\" \/><\/a><figcaption id=\"caption-attachment-4229\" class=\"wp-caption-text\">Cr\u00e9dito: Arquivo Pessoal. Rodrigo Janot e Gilmar Mendes em 1988.<\/figcaption><\/figure>\n<p><strong>Ex-amigos\/<\/strong> A foto \u00e9 de agosto de 1988. De barba, \u00e0 direita, o hoje ministro Gilmar Mendes. Ao lado dele\u2026 Rodrigo Janot e, em frente, Wagner Gon\u00e7alves. \u00c9, eles j\u00e1 foram do tipo que confraternizavam.<\/p>\n<p><strong>Local errado\/<\/strong> O ministro do Meio Ambiente, Ricardo Salles, nem viu a manifesta\u00e7\u00e3o do Greenpeace em Berlim, em frente \u00e0 sede da Confedera\u00e7\u00e3o Alem\u00e3 das C\u00e2maras de Ind\u00fastria e Com\u00e9rcio. Ele estava em outro evento a, pelo menos, 15 quil\u00f4metros de dist\u00e2ncia.<\/p>\n<p><strong>Sig e Grossi\/<\/strong> A C\u00e2mara dos Deputados realiza hoje sess\u00e3o solene, \u00e0s 9h, em homenagem p\u00f3stuma ao ex-deputado Sigmaringa Seixas e ao advogado Jos\u00e9 Gerardo Grossi.<\/p>\n","protected":false},"excerpt":{"rendered":"<p>Coluna Bras\u00edlia-DF Os pol\u00edticos enroscados na Lava-Jato querem aproveitar a onda sobre Rodrigo Janot para ver se conseguem um al\u00edvio maior no Supremo Tribunal Federal (STF). A moda agora \u00e9 dizer que a instabilidade emocional do ex-procurador-geral n\u00e3o ficou apenas na \u201cloucura\u201d de cogitar matar o ministro Gilmar Mendes, mas extrapolou para a reda\u00e7\u00e3o de seus pedidos ao STF. S\u00f3 [&hellip;]<\/p>\n","protected":false},"author":29,"featured_media":4230,"comment_status":"closed","ping_status":"closed","sticky":false,"template":"","format":"standard","meta":{"footnotes":""},"categories":[4],"tags":[],"class_list":["post-4228","post","type-post","status-publish","format-standard","has-post-thumbnail","hentry","category-coluna-brasilia-df"],"_links":{"self":[{"href":"https:\/\/blogs.correiobraziliense.com.br\/denise\/wp-json\/wp\/v2\/posts\/4228","targetHints":{"allow":["GET"]}}],"collection":[{"href":"https:\/\/blogs.correiobraziliense.com.br\/denise\/wp-json\/wp\/v2\/posts"}],"about":[{"href":"https:\/\/blogs.correiobraziliense.com.br\/denise\/wp-json\/wp\/v2\/types\/post"}],"author":[{"embeddable":true,"href":"https:\/\/blogs.correiobraziliense.com.br\/denise\/wp-json\/wp\/v2\/users\/29"}],"replies":[{"embeddable":true,"href":"https:\/\/blogs.correiobraziliense.com.br\/denise\/wp-json\/wp\/v2\/comments?post=4228"}],"version-history":[{"count":2,"href":"https:\/\/blogs.correiobraziliense.com.br\/denise\/wp-json\/wp\/v2\/posts\/4228\/revisions"}],"predecessor-version":[{"id":4232,"href":"https:\/\/blogs.correiobraziliense.com.br\/denise\/wp-json\/wp\/v2\/posts\/4228\/revisions\/4232"}],"wp:featuredmedia":[{"embeddable":true,"href":"https:\/\/blogs.correiobraziliense.com.br\/denise\/wp-json\/wp\/v2\/media\/4230"}],"wp:attachment":[{"href":"https:\/\/blogs.correiobraziliense.com.br\/denise\/wp-json\/wp\/v2\/media?parent=4228"}],"wp:term":[{"taxonomy":"category","embeddable":true,"href":"https:\/\/blogs.correiobraziliense.com.br\/denise\/wp-json\/wp\/v2\/categories?post=4228"},{"taxonomy":"post_tag","embeddable":true,"href":"https:\/\/blogs.correiobraziliense.com.br\/denise\/wp-json\/wp\/v2\/tags?post=4228"}],"curies":[{"name":"wp","href":"https:\/\/api.w.org\/{rel}","templated":true}]}}