{"id":4221,"date":"2019-09-29T15:44:29","date_gmt":"2019-09-29T18:44:29","guid":{"rendered":"https:\/\/blogs.correiobraziliense.com.br\/denise\/?p=4221"},"modified":"2019-09-29T15:44:29","modified_gmt":"2019-09-29T18:44:29","slug":"planalto-avalia-fidelidade-nas-redes-sociais-para-liberar-recursos","status":"publish","type":"post","link":"https:\/\/blogs.correiobraziliense.com.br\/denise\/planalto-avalia-fidelidade-nas-redes-sociais-para-liberar-recursos\/","title":{"rendered":"Planalto avalia fidelidade nas redes sociais para liberar recursos"},"content":{"rendered":"<h6><strong>Coluna Bras\u00edlia-DF\/Por Leonardo Cavalcanti<\/strong><\/h6>\n<p>Que a rela\u00e7\u00e3o do Planalto com o Congresso melhorou com a chegada do general Luiz Eduardo Ramos \u00e0 Secretaria de Governo, quem acompanha o dia a dia na Esplanada j\u00e1 sabia. Esta coluna mostrou, na semana passada, <a href=\"https:\/\/blogs.correiobraziliense.com.br\/denise\/general-ramos-em-alta-no-congresso\/\">que o aumento da governabilidade verificado pela consultoria Prospectiva, que mede a fidelidade dos parlamentares ao Pal\u00e1cio, aumentou nos \u00faltimos dois meses<\/a>. O que est\u00e1 fora do radar de parte dos pol\u00edticos e t\u00e9cnicos \u00e9 um m\u00e9todo pr\u00f3prio para acompanhar as demandas de congressistas, governadores e prefeitos que batem \u00e0 porta do governo em busca de recursos para as bases eleitorais.<\/p>\n<p>H\u00e1 tr\u00eas meses no cargo, Ramos elaborou com a equipe uma esp\u00e9cie de planejamento estrat\u00e9gico para acompanhar todos os passos das demandas dos pol\u00edticos em Bras\u00edlia. A primeira tarefa foi fazer com que as \u00e1reas de secretaria, como assessoria parlamentar, assuntos federativos e articula\u00e7\u00e3o social, atuem de modo integrado. A partir de planilhas, a equipe do general tenta fechar o cerco sobre a dificuldade na libera\u00e7\u00e3o do dinheiro para o pol\u00edtico e, antes da verba liberada, avan\u00e7ar sobre as necessidades dos moradores (eleitores) da localidade.<\/p>\n<p>Por fim, o governo federal divide com o parlamentar o b\u00f4nus pela entrega dos recursos. Ao longo do processo de libera\u00e7\u00e3o, \u00e9 feito um levamento nas redes sociais dos pol\u00edticos para avaliar a fidelidade do aliado com o Planalto. A estrat\u00e9gia \u00e9 n\u00e3o apenas ter o acompanhamento sobre as vota\u00e7\u00f5es, mas sobre o pr\u00f3prio discurso dos pol\u00edticos nas bases eleitorais. Assim, eventuais trai\u00e7\u00f5es, tanto nos plen\u00e1rios do Congresso quanto nas ruas, s\u00e3o registradas. Um detalhe: a elei\u00e7\u00e3o de 2020 est\u00e1 logo ali.<\/p>\n<p><strong>Osmose \/\/<\/strong> Se n\u00e3o bastasse o vazamento das conversas entre os integrantes da for\u00e7a-tarefa da Lava-Jato, a revela\u00e7\u00e3o do ex-procurador-geral Rodrigo Janot de que mataria Gilmar Mendes enfraqueceu ainda mais a imagem do Minist\u00e9rio P\u00fablico. H\u00e1 um detalhe ainda n\u00e3o avaliado pelo pessoal do governo: at\u00e9 que ponto o desgaste \u00e9 ruim para o novo procurador-geral Augusto Aras? Tem gente boa que acredita que ele, por ter isolado a lista tr\u00edplice da categoria, se fortaleceu.<\/p>\n<p><strong>Escolha do PGR \/\/<\/strong> Se Bolsonaro um dia se arrepender de ter escolhido Augusto Aras para chefiar o Minist\u00e9rio P\u00fablico, n\u00e3o vai poder reclamar nem com o papa. A decis\u00e3o do presidente partiu da cabe\u00e7a do pr\u00f3prio presidente, contrariando inclusive os fundamentalistas de direita das redes sociais, que eram contr\u00e1rios a Aras.<\/p>\n<p><strong>Monitoramento \/\/<\/strong> Levantamento da consultoria Levels nas redes mostra que a escolha de Aras n\u00e3o agradou nem \u00e0 oposi\u00e7\u00e3o nem aos apoiadores de Bolsonaro. No flanco governista, as mensagens contra o procurador representaram 68% da rede. Na oposi\u00e7\u00e3o, o suposto conservadorismo de Aras sobre homossexualidade e fam\u00edlia foi a maior cr\u00edtica. A coleta de dados ocorreu na \u00faltima quarta-feira, dia da aprova\u00e7\u00e3o de Aras.<\/p>\n<p><strong>Cautela I \/\/<\/strong> Os principais interlocutores do Planalto est\u00e3o aliviados com a disposi\u00e7\u00e3o de Bolsonaro em diminuir a exposi\u00e7\u00e3o logo no in\u00edcio do dia, quando escorava na grade e desandava a falar. As declara\u00e7\u00f5es ocorriam quase sempre depois de receber mensagens no WhatsApp de gente no Planalto ligada ao vereador fluminense Carlos Bolsonaro, que pesca todo tipo de insanidade nas redes e repassa para o presidente, sugestionando as declara\u00e7\u00f5es agressivas.<\/p>\n<p><strong>Cautela II \/\/<\/strong> Um per\u00edodo de tranquilidade total ocorreu durante o per\u00edodo que Bolsonaro passou hospitalizado por causa da cirurgia para corre\u00e7\u00e3o de h\u00e9rnia. Por recomenda\u00e7\u00e3o m\u00e9dica, conseguiram tirar o celular das m\u00e3os de Bolsonaro por alguns dias. A fofoquinha de banco de pra\u00e7a n\u00e3o deveria interessar ao prefeito da quadra, n\u00e3o deveria interessar ao presidente. A piada era que o Minist\u00e9rio da Sa\u00fade adverte: ler mensagens de \u00f3dio logo cedo atrapalham o governo.<\/p>\n","protected":false},"excerpt":{"rendered":"<p>Coluna Bras\u00edlia-DF\/Por Leonardo Cavalcanti Que a rela\u00e7\u00e3o do Planalto com o Congresso melhorou com a chegada do general Luiz Eduardo Ramos \u00e0 Secretaria de Governo, quem acompanha o dia a dia na Esplanada j\u00e1 sabia. Esta coluna mostrou, na semana passada, que o aumento da governabilidade verificado pela consultoria Prospectiva, que mede a fidelidade dos parlamentares ao Pal\u00e1cio, aumentou nos [&hellip;]<\/p>\n","protected":false},"author":29,"featured_media":4222,"comment_status":"closed","ping_status":"closed","sticky":false,"template":"","format":"standard","meta":{"footnotes":""},"categories":[4],"tags":[],"class_list":["post-4221","post","type-post","status-publish","format-standard","has-post-thumbnail","hentry","category-coluna-brasilia-df"],"_links":{"self":[{"href":"https:\/\/blogs.correiobraziliense.com.br\/denise\/wp-json\/wp\/v2\/posts\/4221","targetHints":{"allow":["GET"]}}],"collection":[{"href":"https:\/\/blogs.correiobraziliense.com.br\/denise\/wp-json\/wp\/v2\/posts"}],"about":[{"href":"https:\/\/blogs.correiobraziliense.com.br\/denise\/wp-json\/wp\/v2\/types\/post"}],"author":[{"embeddable":true,"href":"https:\/\/blogs.correiobraziliense.com.br\/denise\/wp-json\/wp\/v2\/users\/29"}],"replies":[{"embeddable":true,"href":"https:\/\/blogs.correiobraziliense.com.br\/denise\/wp-json\/wp\/v2\/comments?post=4221"}],"version-history":[{"count":1,"href":"https:\/\/blogs.correiobraziliense.com.br\/denise\/wp-json\/wp\/v2\/posts\/4221\/revisions"}],"predecessor-version":[{"id":4223,"href":"https:\/\/blogs.correiobraziliense.com.br\/denise\/wp-json\/wp\/v2\/posts\/4221\/revisions\/4223"}],"wp:featuredmedia":[{"embeddable":true,"href":"https:\/\/blogs.correiobraziliense.com.br\/denise\/wp-json\/wp\/v2\/media\/4222"}],"wp:attachment":[{"href":"https:\/\/blogs.correiobraziliense.com.br\/denise\/wp-json\/wp\/v2\/media?parent=4221"}],"wp:term":[{"taxonomy":"category","embeddable":true,"href":"https:\/\/blogs.correiobraziliense.com.br\/denise\/wp-json\/wp\/v2\/categories?post=4221"},{"taxonomy":"post_tag","embeddable":true,"href":"https:\/\/blogs.correiobraziliense.com.br\/denise\/wp-json\/wp\/v2\/tags?post=4221"}],"curies":[{"name":"wp","href":"https:\/\/api.w.org\/{rel}","templated":true}]}}