{"id":4218,"date":"2019-09-28T10:27:12","date_gmt":"2019-09-28T13:27:12","guid":{"rendered":"https:\/\/blogs.correiobraziliense.com.br\/denise\/?p=4218"},"modified":"2019-09-28T10:27:12","modified_gmt":"2019-09-28T13:27:12","slug":"planalto-observa-calado-o-faroeste-caboclo-no-judiciario","status":"publish","type":"post","link":"https:\/\/blogs.correiobraziliense.com.br\/denise\/planalto-observa-calado-o-faroeste-caboclo-no-judiciario\/","title":{"rendered":"Planalto observa calado o faroeste caboclo no judici\u00e1rio"},"content":{"rendered":"<h5><strong>Coluna Bras\u00edlia-DF\/Por Leonardo Cavalcanti<\/strong><\/h5>\n<p>A ordem no Pal\u00e1cio do Planalto ao longo do dia de ontem era a de manter o sil\u00eancio sobre as declara\u00e7\u00f5es do ex-procurador-geral da Rep\u00fablica <strong>Rodrigo Janot<\/strong> a respeito do assassinato do ministro <strong>Gilmar Mendes<\/strong>. Entre os pol\u00edticos mais pr\u00f3ximos de<strong> Jair Bolsonaro<\/strong>, a avalia\u00e7\u00e3o \u00e9 a de que o epis\u00f3dio tira o foco do presidente, principalmente nos casos relacionados \u00e0s declara\u00e7\u00f5es pol\u00eamicas. H\u00e1 poucas coisas mais controversas na pol\u00edtica do que uma autoridade revelar que desejou matar um advers\u00e1rio, e mais ainda ter levado uma arma para a mais alta Corte de Justi\u00e7a do pa\u00eds.<\/p>\n<p>\u00bb \u00bb \u00bb<\/p>\n<p>A guerra, segundo o pessoal mais ligado a Bolsonaro, deveria se restringir ao Judici\u00e1rio e ao Minist\u00e9rio P\u00fablico. Enquanto isso, o presidente da C\u00e2mara dos Deputados, Rodrigo Maia, n\u00e3o se conteve e arrancou risos do p\u00fablico de semin\u00e1rio no Rio ao dizer que a PF deveria tirar o porte de arma do ex-procurador. Como o tema deve dominar os debates de Bras\u00edlia pelos pr\u00f3ximos dias, aliados do Planalto t\u00eam d\u00favidas se Bolsonaro vai manter o sil\u00eancio sobre as revela\u00e7\u00f5es de Janot.<\/p>\n<h2>\n<strong>Redes sociais<\/strong><\/h2>\n<p>Em grupos de WhatsApp, delegados da PF debateram um prov\u00e1vel abuso do Supremo em ordenar buscas e apreens\u00f5es em im\u00f3veis ligados ao ex-procurador Rodrigo Janot. \u201cEssa a\u00e7\u00e3o do STF dispara a perplexidade. Muito grave. Se o m\u00e1ximo tribunal de um pa\u00eds faz isso, o que mais ent\u00e3o poderemos esperar de um juiz de primeiro grau? E dos cidad\u00e3os comuns?\u201d, disse um dos delegados. \u201cTenho zero simpatia por Janot, mas n\u00e3o d\u00e1.\u201d<\/p>\n<h2>Associa\u00e7\u00e3o<\/h2>\n<p>No final do dia, a Associa\u00e7\u00e3o Nacional dos Procuradores da Rep\u00fablica (ANPR) divulgou uma nota \u00e0 imprensa questionando o mandado de busca e apreens\u00e3o \u201cflagrantemente ilegal\u201d emitido pelo Supremo Tribunal Federal (STF). Apesar de repudiar o ato cogitado por Janot, a entidade disse lastimar que o \u201cepis\u00f3dio negativo possa, por oportunismo, servir de pretexto para enfraquecer a institui\u00e7\u00e3o\u201d. A associa\u00e7\u00e3o se referiu tamb\u00e9m \u00e0 declara\u00e7\u00e3o de Gilmar Mendes, que defendeu a mudan\u00e7a na escolha do PGR, abrindo a possibilidade de escolha entre \u201cjuristas\u201d.<\/p>\n<p><strong>CURTIDAS<\/strong><br \/>\n<strong>Assessoria \/\/<\/strong> Janot estava sem assessoria de imprensa desde da metade do ano. A avalia\u00e7\u00e3o \u00e9 de que ele \u2014 que j\u00e1 havia revelado a hist\u00f3ria de ter pensado no crime sem citar o nome de quem seria a v\u00edtima no livro Nada menos que tudo \u2014 n\u00e3o mediu as consequ\u00eancias da entrevista \u00e0 imprensa. O receio agora de pessoas pr\u00f3ximas a Janot, que j\u00e1 est\u00e1 aposentado, \u00e9 de que ele possa receber puni\u00e7\u00f5es graves do Conselho Nacional do Minist\u00e9rio P\u00fablico (CNMP).<\/p>\n<p><strong>Chaleira \/\/<\/strong> A revela\u00e7\u00e3o de que Rodrigo Janot pensou matar Gilmar Mendes repercutiu no Minist\u00e9rio P\u00fablico, nas redes internas e externas. O procurador do MPF em Santa Catarina, Walmor Moreira, foi um dos mais ativos no Twitter ao longo do dia de ontem. Conservador e religioso \u2014 o homem \u00e9 pastor \u2014, parte das mensagens de Moreira critica o ex-chefe da PGR, o Congresso e o Supremo. E alivia, a partir de exalta\u00e7\u00f5es, a equipe e o pr\u00f3prio Bolsonaro, chegando ao presidente dos EUA, Donald Trump. Sem esquecer de citar Deus, por \u00f3bvio.<\/p>\n<p><strong>Perplexidade \/\/<\/strong> \u00c9 imposs\u00edvel encontrar em Bras\u00edlia algu\u00e9m que n\u00e3o tenha se surpreendido com a hist\u00f3ria contada por Janot. O Instituto de Garantias Penais (IGP) se disse \u201cperplexo\u201d diante das declara\u00e7\u00f5es de Janot. \u201cUma pessoa que se confessou tentada pela ideia de sacar uma arma de fogo para matar um ministro meramente porque n\u00e3o suportou uma diverg\u00eancia intraprocessual, n\u00e3o possui a estabilidade mental necess\u00e1ria para exercer a fun\u00e7\u00e3o acusat\u00f3ria.\u201d<\/p>\n<p><strong>Cama de gato \/\/<\/strong> Aliados do ministro da Sa\u00fade, Luiz Henrique Mandetta, acreditam que o secret\u00e1rio executivo Jo\u00e3o Gabbardo tem amarrado a\u00e7\u00f5es na pasta para desgastar o chefe, a partir de cortes or\u00e7ament\u00e1rios, por exemplo. Segundo o pessoal ligado a Mandetta, a torcida de Reis \u00e9 que o minist\u00e9rio fique com Osmar Terra, da Cidadania, do mesmo grupo pol\u00edtico, profiss\u00e3o e regi\u00e3o. No in\u00edcio do m\u00eas, Terra chegou a ser cotado para a Sa\u00fade no momento de maior fragilidade de Mandetta. A intriga na Esplanada atinge \u00edndices inimagin\u00e1veis.<\/p>\n","protected":false},"excerpt":{"rendered":"<p>Coluna Bras\u00edlia-DF\/Por Leonardo Cavalcanti A ordem no Pal\u00e1cio do Planalto ao longo do dia de ontem era a de manter o sil\u00eancio sobre as declara\u00e7\u00f5es do ex-procurador-geral da Rep\u00fablica Rodrigo Janot a respeito do assassinato do ministro Gilmar Mendes. Entre os pol\u00edticos mais pr\u00f3ximos de Jair Bolsonaro, a avalia\u00e7\u00e3o \u00e9 a de que o epis\u00f3dio tira o foco do presidente, [&hellip;]<\/p>\n","protected":false},"author":29,"featured_media":4219,"comment_status":"closed","ping_status":"closed","sticky":false,"template":"","format":"standard","meta":{"footnotes":""},"categories":[4],"tags":[],"class_list":["post-4218","post","type-post","status-publish","format-standard","has-post-thumbnail","hentry","category-coluna-brasilia-df"],"_links":{"self":[{"href":"https:\/\/blogs.correiobraziliense.com.br\/denise\/wp-json\/wp\/v2\/posts\/4218","targetHints":{"allow":["GET"]}}],"collection":[{"href":"https:\/\/blogs.correiobraziliense.com.br\/denise\/wp-json\/wp\/v2\/posts"}],"about":[{"href":"https:\/\/blogs.correiobraziliense.com.br\/denise\/wp-json\/wp\/v2\/types\/post"}],"author":[{"embeddable":true,"href":"https:\/\/blogs.correiobraziliense.com.br\/denise\/wp-json\/wp\/v2\/users\/29"}],"replies":[{"embeddable":true,"href":"https:\/\/blogs.correiobraziliense.com.br\/denise\/wp-json\/wp\/v2\/comments?post=4218"}],"version-history":[{"count":1,"href":"https:\/\/blogs.correiobraziliense.com.br\/denise\/wp-json\/wp\/v2\/posts\/4218\/revisions"}],"predecessor-version":[{"id":4220,"href":"https:\/\/blogs.correiobraziliense.com.br\/denise\/wp-json\/wp\/v2\/posts\/4218\/revisions\/4220"}],"wp:featuredmedia":[{"embeddable":true,"href":"https:\/\/blogs.correiobraziliense.com.br\/denise\/wp-json\/wp\/v2\/media\/4219"}],"wp:attachment":[{"href":"https:\/\/blogs.correiobraziliense.com.br\/denise\/wp-json\/wp\/v2\/media?parent=4218"}],"wp:term":[{"taxonomy":"category","embeddable":true,"href":"https:\/\/blogs.correiobraziliense.com.br\/denise\/wp-json\/wp\/v2\/categories?post=4218"},{"taxonomy":"post_tag","embeddable":true,"href":"https:\/\/blogs.correiobraziliense.com.br\/denise\/wp-json\/wp\/v2\/tags?post=4218"}],"curies":[{"name":"wp","href":"https:\/\/api.w.org\/{rel}","templated":true}]}}