{"id":4207,"date":"2019-09-26T09:00:35","date_gmt":"2019-09-26T12:00:35","guid":{"rendered":"https:\/\/blogs.correiobraziliense.com.br\/denise\/?p=4207"},"modified":"2019-09-26T09:00:35","modified_gmt":"2019-09-26T12:00:35","slug":"funcionario-agride-deputado-federal-apos-ser-demitido","status":"publish","type":"post","link":"https:\/\/blogs.correiobraziliense.com.br\/denise\/funcionario-agride-deputado-federal-apos-ser-demitido\/","title":{"rendered":"Funcion\u00e1rio agride deputado do PSL ap\u00f3s ser demitido"},"content":{"rendered":"<h6>Coluna Bras\u00edlia-DF\/Por Leonardo Cavalcanti<\/h6>\n<p>Uma cena at\u00edpica assustou quem estava no 8\u00b0 andar do Anexo IV da C\u00e2mara no come\u00e7o da tarde de ontem. Um dos funcion\u00e1rios do gabinete do deputado <strong>Marcelo Brum<\/strong> (PSL-RS) se revoltou ao ser demitido e tentou agredir o parlamentar. Os demais trabalhadores do setor ficaram sem entender quando viram o deputado correndo pelos corredores e se refugiando no gabinete de uma lideran\u00e7a.<\/p>\n<h2>\n<strong>Tapas no anexo<\/strong><\/h2>\n<p>Marcelo de Brum chegou a ser atingido com um tapa no rosto, e a Pol\u00edcia Legislativa foi chamada para conter o assessor demitido. Procurada pelo <strong>Correio<\/strong>, a assessoria de imprensa do congressista informou que ele est\u00e1 se recuperando do ocorrido e n\u00e3o vai se manifestar sobre o caso no momento.<\/p>\n","protected":false},"excerpt":{"rendered":"<p>Coluna Bras\u00edlia-DF\/Por Leonardo Cavalcanti Uma cena at\u00edpica assustou quem estava no 8\u00b0 andar do Anexo IV da C\u00e2mara no come\u00e7o da tarde de ontem. Um dos funcion\u00e1rios do gabinete do deputado Marcelo Brum (PSL-RS) se revoltou ao ser demitido e tentou agredir o parlamentar. Os demais trabalhadores do setor ficaram sem entender quando viram o deputado correndo pelos corredores e [&hellip;]<\/p>\n","protected":false},"author":29,"featured_media":4210,"comment_status":"closed","ping_status":"closed","sticky":false,"template":"","format":"standard","meta":{"footnotes":""},"categories":[4],"tags":[187,186],"class_list":["post-4207","post","type-post","status-publish","format-standard","has-post-thumbnail","hentry","category-coluna-brasilia-df","tag-deputado-federal","tag-marcelo-de-brum"],"_links":{"self":[{"href":"https:\/\/blogs.correiobraziliense.com.br\/denise\/wp-json\/wp\/v2\/posts\/4207","targetHints":{"allow":["GET"]}}],"collection":[{"href":"https:\/\/blogs.correiobraziliense.com.br\/denise\/wp-json\/wp\/v2\/posts"}],"about":[{"href":"https:\/\/blogs.correiobraziliense.com.br\/denise\/wp-json\/wp\/v2\/types\/post"}],"author":[{"embeddable":true,"href":"https:\/\/blogs.correiobraziliense.com.br\/denise\/wp-json\/wp\/v2\/users\/29"}],"replies":[{"embeddable":true,"href":"https:\/\/blogs.correiobraziliense.com.br\/denise\/wp-json\/wp\/v2\/comments?post=4207"}],"version-history":[{"count":1,"href":"https:\/\/blogs.correiobraziliense.com.br\/denise\/wp-json\/wp\/v2\/posts\/4207\/revisions"}],"predecessor-version":[{"id":4211,"href":"https:\/\/blogs.correiobraziliense.com.br\/denise\/wp-json\/wp\/v2\/posts\/4207\/revisions\/4211"}],"wp:featuredmedia":[{"embeddable":true,"href":"https:\/\/blogs.correiobraziliense.com.br\/denise\/wp-json\/wp\/v2\/media\/4210"}],"wp:attachment":[{"href":"https:\/\/blogs.correiobraziliense.com.br\/denise\/wp-json\/wp\/v2\/media?parent=4207"}],"wp:term":[{"taxonomy":"category","embeddable":true,"href":"https:\/\/blogs.correiobraziliense.com.br\/denise\/wp-json\/wp\/v2\/categories?post=4207"},{"taxonomy":"post_tag","embeddable":true,"href":"https:\/\/blogs.correiobraziliense.com.br\/denise\/wp-json\/wp\/v2\/tags?post=4207"}],"curies":[{"name":"wp","href":"https:\/\/api.w.org\/{rel}","templated":true}]}}