{"id":4197,"date":"2019-09-25T08:34:11","date_gmt":"2019-09-25T11:34:11","guid":{"rendered":"https:\/\/blogs.correiobraziliense.com.br\/denise\/?p=4197"},"modified":"2019-09-25T08:34:11","modified_gmt":"2019-09-25T11:34:11","slug":"discurso-de-bolsonaro-na-onu-foi-para-eleitores-convertidos","status":"publish","type":"post","link":"https:\/\/blogs.correiobraziliense.com.br\/denise\/discurso-de-bolsonaro-na-onu-foi-para-eleitores-convertidos\/","title":{"rendered":"Discurso de Bolsonaro na ONU foi para eleitores convertidos"},"content":{"rendered":"<h6><strong>Coluna Bras\u00edlia-DF\/Por Leonardo Cavalcanti\u00a0<\/strong><\/h6>\n<p>Parte dos diplomatas at\u00e9 tentou suavizar o discurso de<strong> Jair Bolsonaro<\/strong>, na abertura da <strong>Assembleia Geral das Na\u00e7\u00f5es Unidas (ONU)<\/strong>, mas o presidente preferiu falar para os eleitores convertidos, que representam um percentual de votos hoje suficientes para lev\u00e1-lo a um segundo turno.<\/p>\n<p>A cabe\u00e7a do capit\u00e3o reformado funciona de maneira simples desde a campanha, por mais constrangimentos que possa causar \u00e0 imagem internacional do Brasil \u2014 na pr\u00e1tica ele n\u00e3o est\u00e1 preocupado com tal coisa, principalmente com a informa\u00e7\u00e3o manjada de que Donald Trump emendaria outro discurso agressivo na sequ\u00eancia.<\/p>\n<p>\u00bb \u00bb \u00bb<\/p>\n<p>A expectativa do corpo diplom\u00e1tico, menos voltado para a pol\u00edtica eleitoral e mais preocupado com a imagem do pa\u00eds, era de que Bolsonaro fizesse um discurso contundente, mas sem agressividades. O curioso \u00e9 que o presidente usou tais adjetivos para qualificar a pr\u00f3pria interven\u00e7\u00e3o depois de deixar o pr\u00e9dio da ONU.<\/p>\n<p>\u00bb \u00bb \u00bb<\/p>\n<p>Mas n\u00e3o foi o que aconteceu. Bolsonaro, mais uma vez, embaralhou opini\u00e3o com fatos, chegando mesmo a dar falsas informa\u00e7\u00f5es sobre a qualifica\u00e7\u00e3o dos m\u00e9dicos cubanos, por exemplo.<\/p>\n<h2>\n<strong>Roteiro I<\/strong><\/h2>\n<p>Do roteiro original preparado pelo corpo diplom\u00e1tico, seguiu a defesa da soberania da Amaz\u00f4nia e atribuiu as queimadas a uma quest\u00e3o sazonal, por causa da seca em alguns estados brasileiros, como antecipou este Correio.<\/p>\n<p>Bolsonaro tamb\u00e9m condenou o regime de Nicol\u00e1s Maduro, na Venezuela; refor\u00e7ou o alinhamento com o norte-americano Trump; e exaltou a rela\u00e7\u00e3o com Israel. Mas cruzou a linha da contund\u00eancia, como temia o pessoal mais t\u00e9cnico do Itamaraty.<\/p>\n<h2>\n<strong>Roteiro II<\/strong><\/h2>\n<p>O texto final foi fechado pelo ministro das Rela\u00e7\u00f5es Exteriores, Ernesto Ara\u00fajo, e pelo assessor especial da Presid\u00eancia para Assuntos Internacionais, Felipe Martins. Bolsonaro n\u00e3o apenas fez refer\u00eancias a um socialismo inexistente nos \u00faltimos tempos na hist\u00f3ria brasileira, como n\u00e3o deixou de fazer refer\u00eancias religiosas. Pregou para convertidos, frustrando quem esperava um papel maior para o presidente. Ser\u00e1 assim at\u00e9 a campanha oficial de 2020.<\/p>\n<h2>\n<strong>Vale lembrar<\/strong><\/h2>\n<p>Como antecipou o Correio, ontem, Bolsonaro fez refer\u00eancias a pa\u00edses, mas n\u00e3o a mandat\u00e1rios, no caso de Fran\u00e7a e Alemanha. Eis o trecho: \u201cO receio \u00e9 que Bolsonaro avance sinais de maneira agressiva, criticando diretamente chefes de Estado \u2014 algo que deve ocorrer, talvez n\u00e3o nominalmente\u201d.<\/p>\n<h2>\n<strong>CURTIDAS<\/strong><\/h2>\n<p><strong>Se n\u00e3o pode venc\u00ea-los&#8230; \/\/<\/strong> A equipe econ\u00f4mica deve abrir m\u00e3o de apresentar uma robusta reforma tribut\u00e1ria e compor com as mat\u00e9rias em tramita\u00e7\u00e3o no Congresso, as Propostas de Emenda \u00e0 Constitui\u00e7\u00e3o (PEC) 45, da C\u00e2mara, e a 110, do Senado. Uma das poucas contribui\u00e7\u00f5es que o governo deve sugerir \u00e9 a Contribui\u00e7\u00e3o sobre Bens e Servi\u00e7os (CBS), a unifica\u00e7\u00e3o entre o PIS e o Cofins.<\/p>\n<p><strong>Junte-se a eles \/\/<\/strong> O secret\u00e1rio especial de Previd\u00eancia e Trabalho, Rog\u00e9rio Marinho, \u00e9 o mais cotado para liderar as articula\u00e7\u00f5es da equipe econ\u00f4mica e costurar uma reforma \u00fanica. Qualquer novidade, no entanto, ainda ser\u00e1 alinhada com Bolsonaro, que retorna somente hoje a Bras\u00edlia. O martelo precisa ser batido por ele, uma vez que a ideia \u00e9 atribuir novas fun\u00e7\u00f5es a Marinho, cujo cargo poderia ter at\u00e9 outro nome.<\/p>\n<p><strong>Foco nos empregos \/\/<\/strong> O que o governo n\u00e3o abrir\u00e1 m\u00e3o \u00e9 de discutir a desonera\u00e7\u00e3o da folha de pagamentos. Est\u00e3o nas an\u00e1lises propostas como redu\u00e7\u00e3o de valores pagos pelos empres\u00e1rios para o sustento do Sistema S, a tributa\u00e7\u00e3o de fundos exclusivos e a reonera\u00e7\u00e3o de alguns setores para a discuss\u00e3o da desonera\u00e7\u00e3o aos maiores empregadores da ind\u00fastria, do com\u00e9rcio e dos servi\u00e7os.<\/p>\n<p><strong>Imprensa \/\/<\/strong> A ACT Promo\u00e7\u00e3o da Sa\u00fade \u2014 com a Associa\u00e7\u00e3o Brasileira de Jornalismo Investigativo (Abraji), o Joio e o Trigo e a Campaign for Tobbaco-Free Kids \u2014 promoveu ontem, em S\u00e3o Paulo, uma oficina para rep\u00f3rteres com foco no com\u00e9rcio de cigarros. O Correio foi um dos participantes.<\/p>\n<p><em>Colaborou Rodolfo Costa<\/em><\/p>\n","protected":false},"excerpt":{"rendered":"<p>Coluna Bras\u00edlia-DF\/Por Leonardo Cavalcanti\u00a0 Parte dos diplomatas at\u00e9 tentou suavizar o discurso de Jair Bolsonaro, na abertura da Assembleia Geral das Na\u00e7\u00f5es Unidas (ONU), mas o presidente preferiu falar para os eleitores convertidos, que representam um percentual de votos hoje suficientes para lev\u00e1-lo a um segundo turno. A cabe\u00e7a do capit\u00e3o reformado funciona de maneira simples desde a campanha, por [&hellip;]<\/p>\n","protected":false},"author":29,"featured_media":4194,"comment_status":"closed","ping_status":"closed","sticky":false,"template":"","format":"standard","meta":{"footnotes":""},"categories":[4],"tags":[28,181],"class_list":["post-4197","post","type-post","status-publish","format-standard","has-post-thumbnail","hentry","category-coluna-brasilia-df","tag-bolsonaro","tag-onu"],"_links":{"self":[{"href":"https:\/\/blogs.correiobraziliense.com.br\/denise\/wp-json\/wp\/v2\/posts\/4197","targetHints":{"allow":["GET"]}}],"collection":[{"href":"https:\/\/blogs.correiobraziliense.com.br\/denise\/wp-json\/wp\/v2\/posts"}],"about":[{"href":"https:\/\/blogs.correiobraziliense.com.br\/denise\/wp-json\/wp\/v2\/types\/post"}],"author":[{"embeddable":true,"href":"https:\/\/blogs.correiobraziliense.com.br\/denise\/wp-json\/wp\/v2\/users\/29"}],"replies":[{"embeddable":true,"href":"https:\/\/blogs.correiobraziliense.com.br\/denise\/wp-json\/wp\/v2\/comments?post=4197"}],"version-history":[{"count":1,"href":"https:\/\/blogs.correiobraziliense.com.br\/denise\/wp-json\/wp\/v2\/posts\/4197\/revisions"}],"predecessor-version":[{"id":4198,"href":"https:\/\/blogs.correiobraziliense.com.br\/denise\/wp-json\/wp\/v2\/posts\/4197\/revisions\/4198"}],"wp:featuredmedia":[{"embeddable":true,"href":"https:\/\/blogs.correiobraziliense.com.br\/denise\/wp-json\/wp\/v2\/media\/4194"}],"wp:attachment":[{"href":"https:\/\/blogs.correiobraziliense.com.br\/denise\/wp-json\/wp\/v2\/media?parent=4197"}],"wp:term":[{"taxonomy":"category","embeddable":true,"href":"https:\/\/blogs.correiobraziliense.com.br\/denise\/wp-json\/wp\/v2\/categories?post=4197"},{"taxonomy":"post_tag","embeddable":true,"href":"https:\/\/blogs.correiobraziliense.com.br\/denise\/wp-json\/wp\/v2\/tags?post=4197"}],"curies":[{"name":"wp","href":"https:\/\/api.w.org\/{rel}","templated":true}]}}