{"id":4179,"date":"2019-09-23T09:21:20","date_gmt":"2019-09-23T12:21:20","guid":{"rendered":"https:\/\/blogs.correiobraziliense.com.br\/denise\/?p=4179"},"modified":"2019-09-23T09:21:20","modified_gmt":"2019-09-23T12:21:20","slug":"brasil-ve-cupula-de-mudancas-climaticas-das-nacoes-unidas-como-aquecimento-para-a-cop-25","status":"publish","type":"post","link":"https:\/\/blogs.correiobraziliense.com.br\/denise\/brasil-ve-cupula-de-mudancas-climaticas-das-nacoes-unidas-como-aquecimento-para-a-cop-25\/","title":{"rendered":"Brasil v\u00ea c\u00fapula de mudan\u00e7as clim\u00e1ticas das Na\u00e7\u00f5es Unidas como aquecimento para a Cop 25"},"content":{"rendered":"<p><strong>Coluna Bras\u00edlia-DF<\/p>\n<p><\/strong><br \/>\n\u00c9 assim que muitos diplomatas brasileiros veem a c\u00fapula de mudan\u00e7as clim\u00e1ticas das Na\u00e7\u00f5es Unidas hoje, com destaque para a Fran\u00e7a e outros pa\u00edses. H\u00e1 uma press\u00e3o para que o Brasil e outras na\u00e7\u00f5es em desenvolvimento ampliem a contribui\u00e7\u00e3o que cada pa\u00eds se prop\u00f4s quando do Acordo de Paris.<\/p>\n<p>S\u00f3 tem um probleminha: O Brasil n\u00e3o o far\u00e1 porque est\u00e1 j\u00e1 perto de alcan\u00e7ar as metas previstas para 2030. Dados do Minist\u00e9rio de Minas e Energia indicam que o pa\u00eds j\u00e1 cumpriu, por exemplo, o percentual de 45% de energia renov\u00e1vel (45,3% em 2018, a meta para 2030 \u00e9 45%) e est\u00e1 a 0,6% de cumprir a meta de biocombust\u00edveis.<\/p>\n<p>\u00bb \u00bb \u00bb<\/p>\n<p>O Brasil, como outros pa\u00edses em desenvolvimento, vai se preparar para cobrar investimentos das na\u00e7\u00f5es mais ricas. E, como os Estados Unidos sa\u00edram do Acordo de Paris, essa conta vai sobrar para os europeus.<\/p>\n<p>\u00c9 a\u00ed que, dizem os diplomatas, est\u00e1 o n\u00f3 entre o governo brasileiro e o franc\u00eas, por exemplo. O pr\u00f3ximo palco, depois do quartel general da ONU esta semana,<br \/>\nser\u00e1 no Chile, sede da Cop 25.<\/p>\n<h2>\n<strong>Adeus, noruegueses<\/strong><\/h2>\n<p>Se o Brasil conseguir o fundo de bioeconomia da Amaz\u00f4nia discutido em Washington com grandes empresas e o Banco interamericano de Desenvolvimento, poder\u00e1 prescindir daqueles que hoje fazem doa\u00e7\u00f5es para a regi\u00e3o. O fundo ser\u00e1 detalhado num encontro em Bel\u00e9m, de 8 a 10 de novembro.<\/p>\n<h2>\n<strong>Corre, Maia, corre<\/strong><\/h2>\n<p>Os parlamentares v\u00e3o pressionar o presidente da C\u00e2mara, Rodrigo Maia, para votar, a toque de caixa, um projeto que permita aos partidos saber exatamente quanto do Fundo Eleitoral e partid\u00e1rio deve ser destinado a campanhas de prefeitos e quanto para vereadores. E, ainda, qual o limite de gastos de cada vereador e prefeito e se h\u00e1 diferen\u00e7as entre prefeitos de capitais e de pequenas cidades.<\/p>\n<h2>\n<strong>Lavou as m\u00e3os<\/strong><\/h2>\n<p>A presidente do Tribunal Superior Eleitoral (TSE), ministra Rosa Weber, j\u00e1 avisou que n\u00e3o vai legislar sobre esse tema. \u00c9 um caso do Congresso e os pol\u00edticos que se resolvam. Se nada for feito at\u00e9 4 de outubro, um ano antes da elei\u00e7\u00e3o, mais uma vez as c\u00fapulas partid\u00e1rias agir\u00e3o de acordo com a cara do fregu\u00eas.<\/p>\n<h2>\n<strong>Onde mora o perigo<\/strong><\/h2>\n<p>O receio \u00e9 de que os recursos sejam destinados apenas \u00e0queles que hoje dominam os partidos e n\u00e3o a candidatos da chamada renova\u00e7\u00e3o pol\u00edtica. E que os prefeitos das capitais terminem abocanhando os valores deixando o interior \u00e0 m\u00edngua.<\/p>\n<h2>\n<strong>CURTIDAS<\/strong><\/h2>\n<p><strong>Leitura ambiental\/<\/strong> O presidente Jair Bolsonaro desembarca em Nova York a tempo de jantar com o presidente Donald Trump na segunda-feira \u00e0 noite, mas chegar\u00e1 depois da c\u00fapula de mudan\u00e7as clim\u00e1ticas da ONU. Os ambientalistas n\u00e3o gostaram. Acham que quem poderia jantar com Trump, teria perfeitamente tempo de chegar para a confer\u00eancia clim\u00e1tica.<\/p>\n<p><strong>Leitura m\u00e9dica\/<\/strong> Os m\u00e9dicos, entretanto, n\u00e3o queriam nem que o presidente fosse abrir a 74\u00aa Assembleia Geral da ONU. Precisa ainda de um certo repouso para evitar novas complica\u00e7\u00f5es.<\/p>\n<p><strong>\u00cdndios de l\u00e1 e de c\u00e1\/<\/strong> A c\u00fapula da Juventude se mostrou um desfile de futuros l\u00edderes mundiais em defesa do meio ambiente. Destaque, nos Estados Unidos, para Makassa, descendente dos Sioux, que fez uma cerim\u00f4nia espiritual logo na abertura.<\/p>\n<p><strong>Sa\u00edda pela esquerda&#8230;\/<\/strong> O ministro de Meio Ambiente, Ricardo Salles, cruzou com manifestantes parados em frente ao hotel onde ficou hospedado assim que chegou. Para n\u00e3o passar por eles de novo, optou por uma porta lateral. No Twitter, n\u00e3o poupou cr\u00edticas.<\/p>\n","protected":false},"excerpt":{"rendered":"<p>Coluna Bras\u00edlia-DF \u00c9 assim que muitos diplomatas brasileiros veem a c\u00fapula de mudan\u00e7as clim\u00e1ticas das Na\u00e7\u00f5es Unidas hoje, com destaque para a Fran\u00e7a e outros pa\u00edses. H\u00e1 uma press\u00e3o para que o Brasil e outras na\u00e7\u00f5es em desenvolvimento ampliem a contribui\u00e7\u00e3o que cada pa\u00eds se prop\u00f4s quando do Acordo de Paris. S\u00f3 tem um probleminha: O Brasil n\u00e3o o far\u00e1 [&hellip;]<\/p>\n","protected":false},"author":29,"featured_media":4181,"comment_status":"closed","ping_status":"closed","sticky":false,"template":"","format":"standard","meta":{"footnotes":""},"categories":[4],"tags":[],"class_list":["post-4179","post","type-post","status-publish","format-standard","has-post-thumbnail","hentry","category-coluna-brasilia-df"],"_links":{"self":[{"href":"https:\/\/blogs.correiobraziliense.com.br\/denise\/wp-json\/wp\/v2\/posts\/4179","targetHints":{"allow":["GET"]}}],"collection":[{"href":"https:\/\/blogs.correiobraziliense.com.br\/denise\/wp-json\/wp\/v2\/posts"}],"about":[{"href":"https:\/\/blogs.correiobraziliense.com.br\/denise\/wp-json\/wp\/v2\/types\/post"}],"author":[{"embeddable":true,"href":"https:\/\/blogs.correiobraziliense.com.br\/denise\/wp-json\/wp\/v2\/users\/29"}],"replies":[{"embeddable":true,"href":"https:\/\/blogs.correiobraziliense.com.br\/denise\/wp-json\/wp\/v2\/comments?post=4179"}],"version-history":[{"count":1,"href":"https:\/\/blogs.correiobraziliense.com.br\/denise\/wp-json\/wp\/v2\/posts\/4179\/revisions"}],"predecessor-version":[{"id":4182,"href":"https:\/\/blogs.correiobraziliense.com.br\/denise\/wp-json\/wp\/v2\/posts\/4179\/revisions\/4182"}],"wp:featuredmedia":[{"embeddable":true,"href":"https:\/\/blogs.correiobraziliense.com.br\/denise\/wp-json\/wp\/v2\/media\/4181"}],"wp:attachment":[{"href":"https:\/\/blogs.correiobraziliense.com.br\/denise\/wp-json\/wp\/v2\/media?parent=4179"}],"wp:term":[{"taxonomy":"category","embeddable":true,"href":"https:\/\/blogs.correiobraziliense.com.br\/denise\/wp-json\/wp\/v2\/categories?post=4179"},{"taxonomy":"post_tag","embeddable":true,"href":"https:\/\/blogs.correiobraziliense.com.br\/denise\/wp-json\/wp\/v2\/tags?post=4179"}],"curies":[{"name":"wp","href":"https:\/\/api.w.org\/{rel}","templated":true}]}}