{"id":4158,"date":"2019-09-17T08:41:49","date_gmt":"2019-09-17T11:41:49","guid":{"rendered":"https:\/\/blogs.correiobraziliense.com.br\/denise\/?p=4158"},"modified":"2019-09-17T08:41:49","modified_gmt":"2019-09-17T11:41:49","slug":"relatora-da-cpmi-das-fake-news-investigara-eleicoes-em-novembro","status":"publish","type":"post","link":"https:\/\/blogs.correiobraziliense.com.br\/denise\/relatora-da-cpmi-das-fake-news-investigara-eleicoes-em-novembro\/","title":{"rendered":"Relatora da CPMI das Fake News investigar\u00e1 elei\u00e7\u00f5es em novembro"},"content":{"rendered":"<h6><strong>Coluna Bras\u00edlia-DF<\/strong><\/h6>\n<p>Relatora da CPMI das Fake News, a deputada L\u00eddice da Mata (PSB-BA) vai come\u00e7ar de forma leve, com audi\u00e7\u00e3o de professores universit\u00e1rios e especialistas em mundo digital. Por uma quest\u00e3o de estrat\u00e9gia, deixou para novembro as exposi\u00e7\u00f5es sobre o \u201cesquema de financiamento, produ\u00e7\u00e3o e dissemina\u00e7\u00e3o de fake news, com o intuito de lesar o processo eleitoral no Brasil&#8221;. A ideia de deixar para o fim \u00e9 ter tempo de coletar todas as informa\u00e7\u00f5es de bastidores poss\u00edveis a respeito desse tema.<\/p>\n<p>Coincid\u00eancia ou n\u00e3o, \u00e9 nesse per\u00edodo que o governo come\u00e7ar\u00e1 a tratar de mudan\u00e7as no Minist\u00e9rio com vistas \u00e0 forma\u00e7\u00e3o de uma maioria mais s\u00f3lida no Parlamento, levando tamb\u00e9m para o primeiro escal\u00e3o aquilo que o atual ministro da Secretaria de Governo, general Luiz Eduardo Ramos, j\u00e1 faz valer para a libera\u00e7\u00e3o de emendas. Quem ajuda o governo, tem tratamento melhor do que quem faz corpo mole na hora crucial.<\/p>\n<h2>\n<strong>\u201cDesembarque da Normandia\u201d<\/strong><\/h2>\n<p>Com o primeiro ano de governo chegando ao fim, \u00e9 assim que muita gente ligada ao presidente Jair Bolsonaro define os ministros que participaram ou participam destes 12 meses iniciais. Ou seja, chegaram para trocar tiros na primeira fase, alguns tombaram pelo caminho, mas a miss\u00e3o de ocupar o terreno foi cumprida.<\/p>\n<h2>\n<strong>Fim do recreio<\/strong><\/h2>\n<p>A partir de janeiro do ano que vem, a toada ser\u00e1 outra. At\u00e9 porque, com um ano eleitoral a caminho, \u00e9 preciso garantir a lealdade e mais visibilidade a a\u00e7\u00f5es governamentais e<br \/>\nentrega de servi\u00e7os.<\/p>\n<h2>\n<strong>Onde pega<\/strong><\/h2>\n<p>Uma das maiores preocupa\u00e7\u00f5es do Planalto \u00e9 evitar ataques no Congresso, em especial, \u00e0 fam\u00edlia do presidente, e tamb\u00e9m uma melhoria do ambiente econ\u00f4mico. Nesse sentido, conforme a coluna j\u00e1 publicou, Paulo Guedes est\u00e1 hoje em fase quase est\u00e1gio probat\u00f3rio. E precisa entregar um ambiente mais limpo para o ano eleitoral de 2020.<\/p>\n<p><strong>\u201cBaianidade\u201d fala mais alto\/<\/strong> O novo procurador-geral da Rep\u00fablica, Augusto Aras, ter\u00e1 no senador do PT baiano, Jaques Wagner (foto), um cabo eleitoral para ajudar na busca de votos. Nesse ritmo, o novo procurador caminha para ser talvez um recordista de votos no plen\u00e1rio.<\/p>\n<p><strong>Futuro \u00e9 agora\/<\/strong> A Oracle Open World 2019 apresentou o seu programa de experi\u00eancias com startups. Chama a aten\u00e7\u00e3o a brasileira Jobecam, na \u00e1rea de recursos humanos. A empresa faz a ponte entre aqueles que t\u00eam vagas dispon\u00edveis e aqueles em busca de um emprego, que, no Brasil, s\u00e3o mais de 12 milh\u00f5es.<\/p>\n<p><strong>Diversidade em alta\/<\/strong> A Jobecam \u00e9 uma plataforma de sele\u00e7\u00e3o de talentos por meio de v\u00eddeos e intelig\u00eancia artificial, que filtra e ranqueia os perfis dos candidatos. A \u201cmenina dos olhos\u201d \u00e9 o \u201cv\u00eddeo cego\u201d, ou seja, a empresa interessada recebe apenas a qualifica\u00e7\u00e3o da pessoa, sem levar<br \/>\nem conta a apar\u00eancia f\u00edsica.<\/p>\n<p><strong>Macaco velho&#8230;\/<\/strong> Sem dar dica sobre poss\u00edveis nomes, o ministro da Economia, Paulo Guedes, vai esperar a aprova\u00e7\u00e3o do presidente Jair Bolsonaro, que saiu ontem do hospital e voltou a Bras\u00edlia, para definir o substituto de Marcos Cintra, na Receita Federal.<br \/>\nO an\u00fancio, segundo ele, sair\u00e1 \u201cpossivelmente, em alguns dias\u201d.<\/p>\n","protected":false},"excerpt":{"rendered":"<p>Coluna Bras\u00edlia-DF Relatora da CPMI das Fake News, a deputada L\u00eddice da Mata (PSB-BA) vai come\u00e7ar de forma leve, com audi\u00e7\u00e3o de professores universit\u00e1rios e especialistas em mundo digital. Por uma quest\u00e3o de estrat\u00e9gia, deixou para novembro as exposi\u00e7\u00f5es sobre o \u201cesquema de financiamento, produ\u00e7\u00e3o e dissemina\u00e7\u00e3o de fake news, com o intuito de lesar o processo eleitoral no Brasil&#8221;. [&hellip;]<\/p>\n","protected":false},"author":29,"featured_media":4159,"comment_status":"closed","ping_status":"closed","sticky":false,"template":"","format":"standard","meta":{"footnotes":""},"categories":[4],"tags":[174],"class_list":["post-4158","post","type-post","status-publish","format-standard","has-post-thumbnail","hentry","category-coluna-brasilia-df","tag-cpmi-das-fake-news"],"_links":{"self":[{"href":"https:\/\/blogs.correiobraziliense.com.br\/denise\/wp-json\/wp\/v2\/posts\/4158","targetHints":{"allow":["GET"]}}],"collection":[{"href":"https:\/\/blogs.correiobraziliense.com.br\/denise\/wp-json\/wp\/v2\/posts"}],"about":[{"href":"https:\/\/blogs.correiobraziliense.com.br\/denise\/wp-json\/wp\/v2\/types\/post"}],"author":[{"embeddable":true,"href":"https:\/\/blogs.correiobraziliense.com.br\/denise\/wp-json\/wp\/v2\/users\/29"}],"replies":[{"embeddable":true,"href":"https:\/\/blogs.correiobraziliense.com.br\/denise\/wp-json\/wp\/v2\/comments?post=4158"}],"version-history":[{"count":1,"href":"https:\/\/blogs.correiobraziliense.com.br\/denise\/wp-json\/wp\/v2\/posts\/4158\/revisions"}],"predecessor-version":[{"id":4160,"href":"https:\/\/blogs.correiobraziliense.com.br\/denise\/wp-json\/wp\/v2\/posts\/4158\/revisions\/4160"}],"wp:featuredmedia":[{"embeddable":true,"href":"https:\/\/blogs.correiobraziliense.com.br\/denise\/wp-json\/wp\/v2\/media\/4159"}],"wp:attachment":[{"href":"https:\/\/blogs.correiobraziliense.com.br\/denise\/wp-json\/wp\/v2\/media?parent=4158"}],"wp:term":[{"taxonomy":"category","embeddable":true,"href":"https:\/\/blogs.correiobraziliense.com.br\/denise\/wp-json\/wp\/v2\/categories?post=4158"},{"taxonomy":"post_tag","embeddable":true,"href":"https:\/\/blogs.correiobraziliense.com.br\/denise\/wp-json\/wp\/v2\/tags?post=4158"}],"curies":[{"name":"wp","href":"https:\/\/api.w.org\/{rel}","templated":true}]}}