{"id":4095,"date":"2019-09-04T08:32:28","date_gmt":"2019-09-04T11:32:28","guid":{"rendered":"https:\/\/blogs.correiobraziliense.com.br\/denise\/?p=4095"},"modified":"2019-09-04T08:32:28","modified_gmt":"2019-09-04T11:32:28","slug":"portaria-de-importacao-de-milho-dos-eua-ameaca-cargo-de-embaixador-de-eduardo","status":"publish","type":"post","link":"https:\/\/blogs.correiobraziliense.com.br\/denise\/portaria-de-importacao-de-milho-dos-eua-ameaca-cargo-de-embaixador-de-eduardo\/","title":{"rendered":"Portaria de importa\u00e7\u00e3o de milho dos EUA amea\u00e7a cargo de embaixador de Eduardo"},"content":{"rendered":"<p>Como se n\u00e3o bastassem as dificuldades para o governo fechar os votos de que precisa para emplacar Eduardo Bolsonaro (PSL-SP) como embaixador do Brasil em Washington, a nova portaria que permitir\u00e1 ao Brasil importar ainda mais etanol de milho dos Estados Unidos sem tarifa promete abalar o apoio que o deputado poderia ter no Nordeste.<\/p>\n<p>\u00c9 que a portaria foi publicada logo depois da visita do parlamentar ao presidente norte-americano, Donald Trump, e, em vez de 600 milh\u00f5es de litros, o total sem imposto poder\u00e1 ser de 750 milh\u00f5es. Para n\u00e3o desagradar tanto os produtores nordestinos, estabeleceu-se esse total em tr\u00eas quotas. Por\u00e9m, ainda n\u00e3o resolveu o problema. Hoje, tem nova reuni\u00e3o sobre o assunto no governo.<\/p>\n<p>\u00bb \u00bb \u00bb<\/p>\n<p>No Senado, espalhou-se a vers\u00e3o de que Eduardo abriu as portas do Brasil aos produtores americanos de milho, prejudicando os nordestinos. N\u00e3o por acaso, Bolsonaro lan\u00e7a na pr\u00f3xima quinta-feira o Agro Nordeste com direito a solenidade no Planalto. Quer sair para a cirurgia com o discurso pronto para amortecer as cr\u00edticas do setor sucroalcooleiro nordestino e tirar essa insatisfa\u00e7\u00e3o do colo do filho.<\/p>\n<h2>\n<strong>D\u00e9j\u00e0-vu I<\/strong><\/h2>\n<p>Embalado depois de uma ode a Baco, o Deus do vinho, um deputado estadual nordestino contava para quem quisesse ouvir que havia \u201ccomprado\u201d R$ 30 milh\u00f5es de emendas extras em seu p\u00e9riplo pelos gabinetes dos congressistas em Bras\u00edlia. Epa! Ok, talvez a express\u00e3o tenha sido exagerada. Mas quem ouviu e estava apenas rendendo homenagens a T\u00e9tis, a deusa da \u00e1gua, saiu do convescote certo de que, nessa batida, confus\u00f5es vir\u00e3o.<\/p>\n<h2><strong>D\u00e9j\u00e0-vu II<\/strong><\/h2>\n<p>Se n\u00e3o foi apenas mais um caso de verbo mal aplicado e discurso mal-entendido, o sujeito comprou. Logo, algu\u00e9m \u201cvendeu\u201d, e com taxa de \u201cretorno\u201d, um eufemismo para propina. E \u201cvenda\u201d de emendas \u00e9 algo que j\u00e1 deu problema nos anos 90, quando o Congresso viveu a CPI do Or\u00e7amento e v\u00e1rios deputados tiveram seus mandatos cassados.<\/p>\n<h2>\n<strong>Por falar em emendas\u2026<\/strong><\/h2>\n<p>Os deputados rec\u00e9m-chegados ao Congresso n\u00e3o estavam t\u00e3o seguros em destinar 30% do valor global das emendas de bancada ao fundo eleitoral. O Partido Novo, por exemplo, \u00e9 contra. Considera que recursos p\u00fablicos devem ser destinados a obras em prol da popula\u00e7\u00e3o, e que elei\u00e7\u00e3o, especialmente municipal, deve ser feita gastando sola de sapato.<\/p>\n<h2>\n<strong>Abuso de autoridade, outro problema<\/strong><\/h2>\n<p>N\u00e3o s\u00e3o apenas os interesses comerciais de empresas americanas que v\u00e3o pesar contra Eduardo Bolsonaro. Os vetos \u00e0 Lei do Abuso de Autoridade tamb\u00e9m v\u00e3o entrar nesse bolo, segundo alguns senadores. Pelo visto, o deputado ter\u00e1 que retomar as conversas com cada um a partir de hoje.<\/p>\n<p><strong>Eles t\u00eam medo\/<\/strong> A forma como a deputada Renata Abreu (Podemos-SP) vem fazendo crescer a sua legenda fez acender o pisca-alerta nos demais partidos. A ordem, agora, \u00e9 assegurar que a bancada que vale para distribui\u00e7\u00e3o de tempo de<br \/>\ntev\u00ea e fundo partid\u00e1rio \u00e9 a que saiu das urnas.<\/p>\n<p><strong>Ele anda e est\u00e1 organizado\/<\/strong> Os tucanos observam a dist\u00e2ncia os movimentos de Luciano Huck. O empres\u00e1rio montou grupos de discuss\u00e3o do pa\u00eds e alinhava um projeto de governo. H\u00e1 quem jure que ele n\u00e3o est\u00e1 a passeio.<\/p>\n<p><strong>Enquanto isso, em S\u00e3o Paulo&#8230;\/<\/strong> O governador de S\u00e3o Paulo, Jo\u00e3o D\u00f3ria, n\u00e3o pode fazer a mesma coisa. Tem que governar e mostrar, daqui a dois anos e meio, que S\u00e3o Paulo est\u00e1 bombando. Faz sentido.<\/p>\n<p><strong>A volta de Dilma\/<\/strong> Calma, pessoal. Ela ir\u00e1 ao Congresso hoje para o lan\u00e7amento da Frente Parlamentar da Soberania.<\/p>\n","protected":false},"excerpt":{"rendered":"<p>Como se n\u00e3o bastassem as dificuldades para o governo fechar os votos de que precisa para emplacar Eduardo Bolsonaro (PSL-SP) como embaixador do Brasil em Washington, a nova portaria que permitir\u00e1 ao Brasil importar ainda mais etanol de milho dos Estados Unidos sem tarifa promete abalar o apoio que o deputado poderia ter no Nordeste. \u00c9 que a portaria foi [&hellip;]<\/p>\n","protected":false},"author":29,"featured_media":4096,"comment_status":"closed","ping_status":"closed","sticky":false,"template":"","format":"standard","meta":{"footnotes":""},"categories":[4],"tags":[138,101,167,143],"class_list":["post-4095","post","type-post","status-publish","format-standard","has-post-thumbnail","hentry","category-coluna-brasilia-df","tag-eduardo-bolsonaro","tag-eua","tag-milho","tag-nordeste"],"_links":{"self":[{"href":"https:\/\/blogs.correiobraziliense.com.br\/denise\/wp-json\/wp\/v2\/posts\/4095","targetHints":{"allow":["GET"]}}],"collection":[{"href":"https:\/\/blogs.correiobraziliense.com.br\/denise\/wp-json\/wp\/v2\/posts"}],"about":[{"href":"https:\/\/blogs.correiobraziliense.com.br\/denise\/wp-json\/wp\/v2\/types\/post"}],"author":[{"embeddable":true,"href":"https:\/\/blogs.correiobraziliense.com.br\/denise\/wp-json\/wp\/v2\/users\/29"}],"replies":[{"embeddable":true,"href":"https:\/\/blogs.correiobraziliense.com.br\/denise\/wp-json\/wp\/v2\/comments?post=4095"}],"version-history":[{"count":1,"href":"https:\/\/blogs.correiobraziliense.com.br\/denise\/wp-json\/wp\/v2\/posts\/4095\/revisions"}],"predecessor-version":[{"id":4097,"href":"https:\/\/blogs.correiobraziliense.com.br\/denise\/wp-json\/wp\/v2\/posts\/4095\/revisions\/4097"}],"wp:featuredmedia":[{"embeddable":true,"href":"https:\/\/blogs.correiobraziliense.com.br\/denise\/wp-json\/wp\/v2\/media\/4096"}],"wp:attachment":[{"href":"https:\/\/blogs.correiobraziliense.com.br\/denise\/wp-json\/wp\/v2\/media?parent=4095"}],"wp:term":[{"taxonomy":"category","embeddable":true,"href":"https:\/\/blogs.correiobraziliense.com.br\/denise\/wp-json\/wp\/v2\/categories?post=4095"},{"taxonomy":"post_tag","embeddable":true,"href":"https:\/\/blogs.correiobraziliense.com.br\/denise\/wp-json\/wp\/v2\/tags?post=4095"}],"curies":[{"name":"wp","href":"https:\/\/api.w.org\/{rel}","templated":true}]}}