{"id":4091,"date":"2019-09-03T08:59:06","date_gmt":"2019-09-03T11:59:06","guid":{"rendered":"https:\/\/blogs.correiobraziliense.com.br\/denise\/?p=4091"},"modified":"2019-09-03T08:59:06","modified_gmt":"2019-09-03T11:59:06","slug":"acoes-mais-diretas-e-incisivas-na-economia-preocupam-bolsonaro","status":"publish","type":"post","link":"https:\/\/blogs.correiobraziliense.com.br\/denise\/acoes-mais-diretas-e-incisivas-na-economia-preocupam-bolsonaro\/","title":{"rendered":"A\u00e7\u00f5es mais diretas e incisivas na economia preocupam Bolsonaro"},"content":{"rendered":"<h6><strong>Coluna Bras\u00edlia-DF<\/strong><\/h6>\n<p>O presidente Jair Bolsonaro nem pestanejou com o resultado da pesquisa Datafolha que indicou queda na popularidade. Afinal, se a economia melhorar, a recupera\u00e7\u00e3o vir\u00e1. O que tira o sono \u00e9 a falta de a\u00e7\u00f5es mais diretas e incisivas na economia.<\/p>\n<p>A pesquisa da XP Investimentos indica que 12% atribuem a atual situa\u00e7\u00e3o econ\u00f4mica do pa\u00eds ao atual governo. \u00c9 o percentual mais alto destes oito meses de gest\u00e3o. Em maio, 5% atribu\u00edam a crise \u00e0 administra\u00e7\u00e3o Bolsonaro, 14% \u00e0 gest\u00e3o Michel Temer, 20% \u00e0 ex-presidente Dilma e 34%, ao ex-presidente Lula. Agora, 16% atribuem a Dilma, 30%, a Lula, 13%, a Michel Temer.<\/p>\n<p>A aposta do governo \u00e9 de que as pessoas, daqui para frente, tender\u00e3o a aumentar a cobran\u00e7a de cumprimento das promessas de melhoria do cen\u00e1rio econ\u00f4mico. Aliados do Planalto acreditam que, se o PSL quiser ter sucesso eleitoral, ter\u00e1 de apresentar melhoras mais significativas que o 0,4% do PIB.<\/p>\n<h2>\n<strong>Quem parte e reparte\u2026<\/strong><\/h2>\n<p>Parlamentares apostam na mudan\u00e7a de eixo do \u201cpires na m\u00e3o\u201d do Executivo para o Congresso. \u00c9 que a libera\u00e7\u00e3o obrigat\u00f3ria para emendas de bancada far\u00e1 com que deputados e senadores digam para onde v\u00e3o os recursos.<\/p>\n<p>&nbsp;<\/p>\n<h2><strong>\u2026 fica com a melhor parte<\/strong><\/h2>\n<p>Assim, avisam alguns, estar\u00e1 dinamitada a ponte entre o presidente Jair Bolsonaro e os prefeitos.<br \/>\nE refeita a liga\u00e7\u00e3o direta desses administradores municipais com os congressistas.<\/p>\n<h2><strong>Nem tanto<\/strong><\/h2>\n<p>A turma do Congresso est\u00e1 comemorando cedo demais esse trunfo das emendas. N\u00e3o falta muito para o governo come\u00e7ar a colocar no Congresso a culpa pelos cortes. Ontem, foram as bolsas de estudo. Outros bloqueios vir\u00e3o. E estar\u00e1 feito o jogo de empurra entre Legislativo e Executivo.<\/p>\n<h2>\n<strong>Por falar em cortes\u2026<\/strong><\/h2>\n<p>Tem muita gente dizendo que hoje \u00e9 mais f\u00e1cil o governo parar de pagar as contas do que n\u00e3o aprovar a reforma da Previd\u00eancia.<\/p>\n<p><strong>Moro, o conformado\/<\/strong> Depois da conversa com o presidente Jair Bolsonaro, o ministro da Justi\u00e7a, S\u00e9rgio Moro, jantou com um grupo de senadores, na semana passada, e demonstrou tranquilidade quando alguns lhe perguntaram sobre o corte de recursos: \u201cO problema \u00e9 que o pa\u00eds vive dificuldades, e todos os setores t\u00eam cortes. Faz parte\u201d.<\/p>\n<p><strong>Por falar em cortes&#8230;\/<\/strong> Vem a\u00ed uma grande briga entre os Tr\u00eas Poderes por causa do Or\u00e7amento de 2020, nos moldes que ocorreu no Rio Grande do Sul. L\u00e1, o governador Eduardo Leite prop\u00f4s reajuste zero para todo mundo, por causa da falta de recursos. O Minist\u00e9rio P\u00fablico e o Tribunal de Justi\u00e7a n\u00e3o aceitaram.<\/p>\n<p><strong>Direto ao ponto\/<\/strong> Quem tentou pedir audi\u00eancia ao senador Tasso Jereissati sobre a cobran\u00e7a de contribui\u00e7\u00e3o previdenci\u00e1ria das filantr\u00f3picas com capacidade de pagamento, ouviu o seguinte: \u201cOlha, eu te recebo, mas n\u00e3o vou mudar o parecer\u201d.<\/p>\n<p><strong>Ato na Esplanada\/<\/strong> Servidores v\u00e3o quebrar hoje a palavra \u201cPrevid\u00eancia\u201d em protesto contra a reforma, e entregar os cacos aos senadores. Mal a not\u00edcia circulou na internet, a turma do ministro da Economia, Paulo Guedes, ironizava, dizendo que a imagem tem tudo a ver com o que pensa parte da equipe \u2014 os supersal\u00e1rios est\u00e3o quebrando a Previd\u00eancia. \u00c9 a tentativa de transformar a manifesta\u00e7\u00e3o em limonada.<\/p>\n","protected":false},"excerpt":{"rendered":"<p>Coluna Bras\u00edlia-DF O presidente Jair Bolsonaro nem pestanejou com o resultado da pesquisa Datafolha que indicou queda na popularidade. Afinal, se a economia melhorar, a recupera\u00e7\u00e3o vir\u00e1. O que tira o sono \u00e9 a falta de a\u00e7\u00f5es mais diretas e incisivas na economia. A pesquisa da XP Investimentos indica que 12% atribuem a atual situa\u00e7\u00e3o econ\u00f4mica do pa\u00eds ao atual [&hellip;]<\/p>\n","protected":false},"author":29,"featured_media":4092,"comment_status":"closed","ping_status":"closed","sticky":false,"template":"","format":"standard","meta":{"footnotes":""},"categories":[4],"tags":[28,166],"class_list":["post-4091","post","type-post","status-publish","format-standard","has-post-thumbnail","hentry","category-coluna-brasilia-df","tag-bolsonaro","tag-economiua"],"_links":{"self":[{"href":"https:\/\/blogs.correiobraziliense.com.br\/denise\/wp-json\/wp\/v2\/posts\/4091","targetHints":{"allow":["GET"]}}],"collection":[{"href":"https:\/\/blogs.correiobraziliense.com.br\/denise\/wp-json\/wp\/v2\/posts"}],"about":[{"href":"https:\/\/blogs.correiobraziliense.com.br\/denise\/wp-json\/wp\/v2\/types\/post"}],"author":[{"embeddable":true,"href":"https:\/\/blogs.correiobraziliense.com.br\/denise\/wp-json\/wp\/v2\/users\/29"}],"replies":[{"embeddable":true,"href":"https:\/\/blogs.correiobraziliense.com.br\/denise\/wp-json\/wp\/v2\/comments?post=4091"}],"version-history":[{"count":1,"href":"https:\/\/blogs.correiobraziliense.com.br\/denise\/wp-json\/wp\/v2\/posts\/4091\/revisions"}],"predecessor-version":[{"id":4093,"href":"https:\/\/blogs.correiobraziliense.com.br\/denise\/wp-json\/wp\/v2\/posts\/4091\/revisions\/4093"}],"wp:featuredmedia":[{"embeddable":true,"href":"https:\/\/blogs.correiobraziliense.com.br\/denise\/wp-json\/wp\/v2\/media\/4092"}],"wp:attachment":[{"href":"https:\/\/blogs.correiobraziliense.com.br\/denise\/wp-json\/wp\/v2\/media?parent=4091"}],"wp:term":[{"taxonomy":"category","embeddable":true,"href":"https:\/\/blogs.correiobraziliense.com.br\/denise\/wp-json\/wp\/v2\/categories?post=4091"},{"taxonomy":"post_tag","embeddable":true,"href":"https:\/\/blogs.correiobraziliense.com.br\/denise\/wp-json\/wp\/v2\/tags?post=4091"}],"curies":[{"name":"wp","href":"https:\/\/api.w.org\/{rel}","templated":true}]}}