{"id":4088,"date":"2019-09-01T10:42:13","date_gmt":"2019-09-01T13:42:13","guid":{"rendered":"https:\/\/blogs.correiobraziliense.com.br\/denise\/?p=4088"},"modified":"2019-09-01T10:42:13","modified_gmt":"2019-09-01T13:42:13","slug":"o-outro-centrao-o-raiz-de-bolsonaro","status":"publish","type":"post","link":"https:\/\/blogs.correiobraziliense.com.br\/denise\/o-outro-centrao-o-raiz-de-bolsonaro\/","title":{"rendered":"O outro \u201cCentr\u00e3o\u201d, o raiz, de Bolsonaro"},"content":{"rendered":"<h6><strong>Coluna Bras\u00edlia-DF<\/strong><\/h6>\n<p>Aos poucos, o grupo formado por PP, PL (ex-PR, de Valdemar Costa Neto) e DEM vai colando no governo do presidente Jair Bolsonaro. E n\u00e3o apenas por causa dos cargos que come\u00e7am a angariar no segundo escal\u00e3o, com as \u00faltimas nomea\u00e7\u00f5es da Companhia Desenvolvimento Vale S\u00e3o Francisco (Codevasf) e no Fundo Nacional de Desenvolvimento da Educa\u00e7\u00e3o (FNDE). \u00c9 que, apesar de todos os problemas e trope\u00e7os do atual governo, esses partidos, desacostumados a lan\u00e7ar candidatos a presidente da Rep\u00fablica, n\u00e3o veem futuro pr\u00f3spero longe do Planalto.<\/p>\n<p>Nas conversas mais reservadas, eles t\u00eam dito que Bolsonaro continua com seu percentual acima de 25%, a economia teve, na semana passada, um sinal de que pode se recuperar. E, nesse quadro, essas legendas n\u00e3o v\u00e3o brigar com o presidente. Pelo menos, at\u00e9 que o cen\u00e1rio fique mais claro, a ordem \u00e9 colar no governo, seguindo o dito popular \u201cseguro morreu de velho\u201d. Dia desses, o presidente Jair Bolsonaro falou que consultaria o \u201cseu centr\u00e3o\u201d sobre a Lei de Abuso de Autoridade. Agora, tem mais um, o Centr\u00e3o raiz.<\/p>\n<h2><strong>Div\u00f3rcios e cas\u00f3rios<\/strong><\/h2>\n<p>Os procuradores come\u00e7am a ficar de olho na vida privada dos personagens envolvidos na Lava- Jato. \u00c9 que, quando os esc\u00e2ndalos vieram \u00e0 tona, muitos se divorciaram. Ok, em muitos casos, o amor acabou mesmo. Agora, o problema \u00e9 que, em algumas situa\u00e7\u00f5es, h\u00e1 a desconfian\u00e7a de que tudo n\u00e3o passou de uma estrat\u00e9gia para preservar patrim\u00f4nio.<\/p>\n<h2><strong>A conta&#8230;<\/strong><\/h2>\n<p>A transposi\u00e7\u00e3o das \u00e1guas do S\u00e3o Francisco ajuda o sert\u00e3o e provoca outro problema: a conta de energia das bombas. S\u00e3o R$ 500 milh\u00f5es por ano a ser dividida entre os quatro estados \u2014 Cear\u00e1, Para\u00edba, Pernambuco e Rio Grande do Norte.<\/p>\n<h2><strong>\u2026.que ningu\u00e9m quer pagar<\/strong><\/h2>\n<p>Os estados v\u00e3o vender a \u00e1gua bombeada aos seus habitantes e empresas, mas resistem a pagar a conta da energia. O acordo ainda n\u00e3o veio.<\/p>\n<h2><strong>Os pragm\u00e1ticos<\/strong><\/h2>\n<p>Integrantes do Centr\u00e3o apostam que a falta de recursos or\u00e7ament\u00e1rios para investimentos, em especial emendas de bancada, ajudar\u00e1 a aproximar esse grupo do governo. E por um racioc\u00ednio muito simples: \u00c9 que, reza a lenda, em tempos de escassez, os amigos sempre ficam com algum agrado maior.<\/p>\n<p><strong>MP sob tens\u00e3o&#8230;\/<\/strong> Procuradores passaram parte do dia trocando mensagens e procurando entender a declara\u00e7\u00e3o do presidente Jair Bolsonaro, sobre a procuradora Raquel Dodge trocar os procuradores regionais. A conclus\u00e3o \u00e9 a de que ela est\u00e1 apenas cumprindo a legisla\u00e7\u00e3o. Nem um mil\u00edmetro al\u00e9m disso.<\/p>\n<p><strong>&#8230;permanente\/<\/strong> Ali\u00e1s, desde que o presidente disse, numa reuni\u00e3o com parlamentares, que n\u00e3o d\u00e1 para transformar a Pol\u00edcia Federal num novo Minist\u00e9rio P\u00fablico, os procuradores mant\u00eam olhos e ouvidos em alerta para tudo que vem do Planalto.<\/p>\n<p><strong>Falha institucional\/<\/strong> Chamou a aten\u00e7\u00e3o a aus\u00eancia do governador de Pernambuco, Paulo C\u00e2mara, nos testes de bombeamento do Eixo Norte 3, da transposi\u00e7\u00e3o do S\u00e3o Francisco, em Cabror\u00f3 (PE) e Salgueiro (PE). O governador do Cear\u00e1, Camilo Santana (PT), foi.<\/p>\n<p><strong>Enquanto isso, nos Estados Unidos&#8230;\/<\/strong> A boa recep\u00e7\u00e3o de Donald Trump ao deputado Eduardo Bolsonaro, inclusive fora da agenda oficial, ser\u00e1 um dos pontos que o parlamentar pretende destacar na sabatina, avisam aliados do congressista. Afinal, dizem esses fi\u00e9is escudeiros de Eduardo, dific\u00edlimo um deputado brasileiro, candidato a embaixador, ter esse acesso direto \u00e0 Casa Branca.<\/p>\n<p><strong>Gilmar no CB.Poder\/<\/strong> Amanh\u00e3, segunda-feira, tem o ministro do Supremo Tribunal Federal, Gilmar Mendes, no CB.Poder, 13h15, ao vivo na TV Bras\u00edlia.<\/p>\n","protected":false},"excerpt":{"rendered":"<p>Coluna Bras\u00edlia-DF Aos poucos, o grupo formado por PP, PL (ex-PR, de Valdemar Costa Neto) e DEM vai colando no governo do presidente Jair Bolsonaro. E n\u00e3o apenas por causa dos cargos que come\u00e7am a angariar no segundo escal\u00e3o, com as \u00faltimas nomea\u00e7\u00f5es da Companhia Desenvolvimento Vale S\u00e3o Francisco (Codevasf) e no Fundo Nacional de Desenvolvimento da Educa\u00e7\u00e3o (FNDE). \u00c9 [&hellip;]<\/p>\n","protected":false},"author":29,"featured_media":4089,"comment_status":"closed","ping_status":"closed","sticky":false,"template":"","format":"standard","meta":{"footnotes":""},"categories":[4],"tags":[],"class_list":["post-4088","post","type-post","status-publish","format-standard","has-post-thumbnail","hentry","category-coluna-brasilia-df"],"_links":{"self":[{"href":"https:\/\/blogs.correiobraziliense.com.br\/denise\/wp-json\/wp\/v2\/posts\/4088","targetHints":{"allow":["GET"]}}],"collection":[{"href":"https:\/\/blogs.correiobraziliense.com.br\/denise\/wp-json\/wp\/v2\/posts"}],"about":[{"href":"https:\/\/blogs.correiobraziliense.com.br\/denise\/wp-json\/wp\/v2\/types\/post"}],"author":[{"embeddable":true,"href":"https:\/\/blogs.correiobraziliense.com.br\/denise\/wp-json\/wp\/v2\/users\/29"}],"replies":[{"embeddable":true,"href":"https:\/\/blogs.correiobraziliense.com.br\/denise\/wp-json\/wp\/v2\/comments?post=4088"}],"version-history":[{"count":1,"href":"https:\/\/blogs.correiobraziliense.com.br\/denise\/wp-json\/wp\/v2\/posts\/4088\/revisions"}],"predecessor-version":[{"id":4090,"href":"https:\/\/blogs.correiobraziliense.com.br\/denise\/wp-json\/wp\/v2\/posts\/4088\/revisions\/4090"}],"wp:featuredmedia":[{"embeddable":true,"href":"https:\/\/blogs.correiobraziliense.com.br\/denise\/wp-json\/wp\/v2\/media\/4089"}],"wp:attachment":[{"href":"https:\/\/blogs.correiobraziliense.com.br\/denise\/wp-json\/wp\/v2\/media?parent=4088"}],"wp:term":[{"taxonomy":"category","embeddable":true,"href":"https:\/\/blogs.correiobraziliense.com.br\/denise\/wp-json\/wp\/v2\/categories?post=4088"},{"taxonomy":"post_tag","embeddable":true,"href":"https:\/\/blogs.correiobraziliense.com.br\/denise\/wp-json\/wp\/v2\/tags?post=4088"}],"curies":[{"name":"wp","href":"https:\/\/api.w.org\/{rel}","templated":true}]}}