{"id":4071,"date":"2019-08-28T07:55:50","date_gmt":"2019-08-28T10:55:50","guid":{"rendered":"https:\/\/blogs.correiobraziliense.com.br\/denise\/?p=4071"},"modified":"2019-08-28T07:55:50","modified_gmt":"2019-08-28T10:55:50","slug":"governo-aposta-em-falta-de-consenso-do-congresso-para-apresentar-a-nova-cpmf","status":"publish","type":"post","link":"https:\/\/blogs.correiobraziliense.com.br\/denise\/governo-aposta-em-falta-de-consenso-do-congresso-para-apresentar-a-nova-cpmf\/","title":{"rendered":"Governo aposta em falta de consenso do Congresso para apresentar a nova CPMF"},"content":{"rendered":"<h6><strong>Coluna Bras\u00edlia-DF<\/strong><\/h6>\n<p>O governo aposta, hoje, que as propostas de reforma tribut\u00e1ria, em debate no Parlamento, n\u00e3o chegar\u00e3o a um consenso, uma vez que estados e munic\u00edpios tendem a n\u00e3o chegar a um acordo sobre o texto final.<\/p>\n<p>E a\u00ed, o ministro da Economia, Paulo Guedes, sacar\u00e1 da cartola a proposta do governo, que inclui a Contribui\u00e7\u00e3o Social sobre Bens e Servi\u00e7os (CSBS) e a Contribui\u00e7\u00e3o Social sobre Transa\u00e7\u00f5es (CST), um nome mais pomposo para a antiga Contribui\u00e7\u00e3o Provis\u00f3ria sobre Movimenta\u00e7\u00e3o Financeira (CPMF).<\/p>\n<p><strong>S\u00f3 tem um probleminha:<\/strong> no Congresso, hoje, ningu\u00e9m quer saber direito da volta da CPMF. O ex-ministro da Fazenda Ma\u00edlson da N\u00f3brega chamou o imposto de \u201cexcresc\u00eancia\u201d. Portanto, ao contr\u00e1rio da reforma da Previd\u00eancia, que caminha para a aprova\u00e7\u00e3o no Senado, a reforma tribut\u00e1ria \u00e9 coisa para daqui a um ano. Ou mais.<\/p>\n<p><strong>Em tempo:<\/strong> a ideia em curso no Senado \u00e9 concluir a an\u00e1lise da reforma tribut\u00e1ria em 16 de outubro. Assim, o projeto seguir\u00e1 para a C\u00e2mara, que juntar\u00e1 as duas propostas e\u2026 Far\u00e1 tudo voltar ao Senado novamente. E o governo? Bem, se mandar uma proposta, ela come\u00e7ar\u00e1 pela C\u00e2mara. Logo, ainda h\u00e1 muita \u00e1gua para rolar nessa discuss\u00e3o dos tributos.<\/p>\n<h2>\n<strong>A \u201cparalela\u201d \u00e9 mais embaixo<\/strong><\/h2>\n<p>A aposta dos deputados e senadores \u00e9 de que a PEC paralela da reforma da Previd\u00eancia, que incluir\u00e1 os estados e munic\u00edpios na proposta e outras mudan\u00e7as, como a cobran\u00e7a da contribui\u00e7\u00e3o previdenci\u00e1ria patronal dos agropecuaristas, ter\u00e1 problemas de aprecia\u00e7\u00e3o nas duas Casas.<\/p>\n<p>\u00c9 que, a tend\u00eancia \u00e9 essa proposta chegar \u00e0 C\u00e2mara justamente no ano eleitoral. E ningu\u00e9m vai querer mexer com a Previd\u00eancia em tempo de ir pedir votos ao eleitor. Especialmente com a bancada ruralista fazendo cara de poucos amigos para o texto.<\/p>\n<h2>\n<strong>Estados at\u00f4nitos<\/strong><\/h2>\n<p>A maioria dos governadores da Amaz\u00f4nia saiu meio decepcionada da reuni\u00e3o com o presidente Jair Bolsonaro. A expectativa do grupo era de que ele anunciaria um pacote de medidas em resposta \u00e0 press\u00e3o internacional.<\/p>\n<p>Por\u00e9m, nos bastidores, eles reclamam que s\u00f3 ouviram cr\u00edticas a \u00e1reas de preserva\u00e7\u00e3o, ind\u00edgenas, ONGs, quilombos e por a\u00ed vai. Propostas, s\u00f3 no documento da semana que vem.<\/p>\n<h2>\n<strong>E Macron surfa<\/strong><\/h2>\n<p>Aos poucos, Emmanuel Macron vai organizando seu discurso e crescendo em cima das provoca\u00e7\u00f5es que passou a receber do presidente brasileiro desde a declara\u00e7\u00e3o que \u201ca nossa casa queimando\u201d. Bolsonaro caiu na armadilha e agora est\u00e1 dif\u00edcil sair dela.<\/p>\n<h2>\n<strong>Enquanto isso, na C\u00e2mara\u2026<\/strong><\/h2>\n<p>A aprova\u00e7\u00e3o, pela Comiss\u00e3o de Constitui\u00e7\u00e3o e Justi\u00e7a, da proposta de emenda constitucional que permite a explora\u00e7\u00e3o agr\u00edcola de terras ind\u00edgenas, \u00e9 vista por diplomatas como mais um lance que pode dar problema do ponto de vista ambiental.<\/p>\n<p>Ciente disso, Rodrigo Maia pretende esperar a poeira baixar para instalar a Comiss\u00e3o Especial que analisar\u00e1 o tema.<\/p>\n<p><strong>A ordem era&#8230; \/<\/strong> O qu\u00f3rum na sess\u00e3o de ontem da C\u00e2mara dos Deputados estava diretamente relacionado \u00e0 tentativa dos deputados federais de aprovar mudan\u00e7as na legisla\u00e7\u00e3o eleitoral para 2020.<\/p>\n<p><strong>\u2026 cuidar da pr\u00f3pria vida\/<\/strong> O receio, entretanto, era de que, diante da crise que atravessa o pa\u00eds, com falta de recursos para a Amaz\u00f4nia, a turma que se elege por voto de opini\u00e3o aproveitasse para tentar tirar os R$ 3 bilh\u00f5es do fundo partid\u00e1rio, jogando os recursos no combate \u00e0s queimadas na Amaz\u00f4nia. N\u00e3o seria m\u00e1 ideia.<\/p>\n<p><strong>\u00c9 o que eles querem\/<\/strong> Esse \u00e9 o desejo da maioria das mensagens que circula pelas redes sociais e, por incr\u00edvel que pare\u00e7a, une simpatizantes tanto do PT quanto do PSL.<\/p>\n","protected":false},"excerpt":{"rendered":"<p>Coluna Bras\u00edlia-DF O governo aposta, hoje, que as propostas de reforma tribut\u00e1ria, em debate no Parlamento, n\u00e3o chegar\u00e3o a um consenso, uma vez que estados e munic\u00edpios tendem a n\u00e3o chegar a um acordo sobre o texto final. E a\u00ed, o ministro da Economia, Paulo Guedes, sacar\u00e1 da cartola a proposta do governo, que inclui a Contribui\u00e7\u00e3o Social sobre Bens [&hellip;]<\/p>\n","protected":false},"author":29,"featured_media":0,"comment_status":"closed","ping_status":"closed","sticky":false,"template":"","format":"standard","meta":{"footnotes":""},"categories":[4],"tags":[],"class_list":["post-4071","post","type-post","status-publish","format-standard","hentry","category-coluna-brasilia-df"],"_links":{"self":[{"href":"https:\/\/blogs.correiobraziliense.com.br\/denise\/wp-json\/wp\/v2\/posts\/4071","targetHints":{"allow":["GET"]}}],"collection":[{"href":"https:\/\/blogs.correiobraziliense.com.br\/denise\/wp-json\/wp\/v2\/posts"}],"about":[{"href":"https:\/\/blogs.correiobraziliense.com.br\/denise\/wp-json\/wp\/v2\/types\/post"}],"author":[{"embeddable":true,"href":"https:\/\/blogs.correiobraziliense.com.br\/denise\/wp-json\/wp\/v2\/users\/29"}],"replies":[{"embeddable":true,"href":"https:\/\/blogs.correiobraziliense.com.br\/denise\/wp-json\/wp\/v2\/comments?post=4071"}],"version-history":[{"count":1,"href":"https:\/\/blogs.correiobraziliense.com.br\/denise\/wp-json\/wp\/v2\/posts\/4071\/revisions"}],"predecessor-version":[{"id":4072,"href":"https:\/\/blogs.correiobraziliense.com.br\/denise\/wp-json\/wp\/v2\/posts\/4071\/revisions\/4072"}],"wp:attachment":[{"href":"https:\/\/blogs.correiobraziliense.com.br\/denise\/wp-json\/wp\/v2\/media?parent=4071"}],"wp:term":[{"taxonomy":"category","embeddable":true,"href":"https:\/\/blogs.correiobraziliense.com.br\/denise\/wp-json\/wp\/v2\/categories?post=4071"},{"taxonomy":"post_tag","embeddable":true,"href":"https:\/\/blogs.correiobraziliense.com.br\/denise\/wp-json\/wp\/v2\/tags?post=4071"}],"curies":[{"name":"wp","href":"https:\/\/api.w.org\/{rel}","templated":true}]}}