{"id":4054,"date":"2019-08-23T07:53:26","date_gmt":"2019-08-23T10:53:26","guid":{"rendered":"https:\/\/blogs.correiobraziliense.com.br\/denise\/?p=4054"},"modified":"2019-08-23T07:53:26","modified_gmt":"2019-08-23T10:53:26","slug":"agronegocio-brasileiro-teme-boicote-europeu-por-causa-da-amazonia","status":"publish","type":"post","link":"https:\/\/blogs.correiobraziliense.com.br\/denise\/agronegocio-brasileiro-teme-boicote-europeu-por-causa-da-amazonia\/","title":{"rendered":"Agroneg\u00f3cio brasileiro teme boicote europeu por causa da Amaz\u00f4nia"},"content":{"rendered":"<h6><strong>Coluna Bras\u00edlia-DF<\/strong><\/h6>\n<p>A inten\u00e7\u00e3o do presidente franc\u00eas, Emmanuel Macron, de levar a discuss\u00e3o das queimadas na Amaz\u00f4nia para o G7, que re\u00fane as maiores economias do mundo, acendeu o pisca alerta do agroneg\u00f3cio e de alguns embaixadores brasileiros. O setor, que hoje move o Brasil, aguarda ansiosamente os acordos com a Uni\u00e3o Europeia e com a EFTA (Associa\u00e7\u00e3o Europeia de Livre Com\u00e9rcio), formada por pa\u00edses que n\u00e3o fazem parte da UE.<\/p>\n<p>O receio \u00e9 de que produtores europeus, temerosos com a entrada dos produtos brasileiros, usem os inc\u00eandios na Amaz\u00f4nia como forma de tentar dificultar os acordos comerciais entre os europeus e o Mercosul. Por aqui, \u00e9 consenso que o Brasil hoje n\u00e3o tem sa\u00fade econ\u00f4mica para comprar brigas internacionais e, se desequilibrar a sa\u00fade do agroneg\u00f3cio, ficar\u00e1 pior.<\/p>\n<h2>\n<strong>De volta aos anos 1990&#8230;<\/strong><\/h2>\n<p>Embaixadores experientes que viveram de perto a agenda negativa que o Brasil enfrentou no cen\u00e1rio internacional nos anos 1990 sobre o desmatamento na Amaz\u00f4nia come\u00e7am a se preparar para repetir a dose. Naquele per\u00edodo, foi feito um grande esfor\u00e7o da diplomacia brasileira para mostrar que o Brasil cuidava das suas mazelas, a come\u00e7ar pela Eco-92.<\/p>\n<h2>\n<strong>\u2026 e muito mais grave<\/strong><\/h2>\n<p>Naquele per\u00edodo, por\u00e9m, n\u00e3o havia fake news nem redes sociais para disseminar com tanta rapidez os protestos pelo mundo afora. Agora, o desafio para reverter o desgaste da imagem ser\u00e1 muito maior. H\u00e1 quem receie que a campanha internacional ser\u00e1 pequena para levar o pa\u00eds a retomar o protagonismo no setor ambiental.<\/p>\n<h2>\n<strong>Desestimulados&#8230;<\/strong><\/h2>\n<p>Muitos dos diplomatas que comandam postos-chaves n\u00e3o est\u00e3o l\u00e1 muito entusiasmados com o atual governo. O atual chanceler, Ernesto Ara\u00fajo, ainda n\u00e3o demonstrou capacidade de lideran\u00e7a para estimular seus colegas com mais tempo de janela a ajudar o Brasil a sair da enrascada em que est\u00e1 entrando.<\/p>\n<h2>\n<strong>&#8230;e largados<\/strong><\/h2>\n<p>Para completar, h\u00e1 quem se sinta desprestigiado na carreira depois de ver o presidente Jair Bolsonaro interessado em colocar seu filho Eduardo num dos principais postos da diplomacia.<\/p>\n<h2>\n<strong>E a Petrobras, hein?<\/strong><\/h2>\n<p>Desde o per\u00edodo da campanha que Paulo Guedes fala em privatizar a empresa. O dif\u00edcil vai ser o Congresso aceitar. Hoje, com a campanha \u201cA Amaz\u00f4nia \u00e9 nossa\u201d, voltar\u00e1 a de \u201co petr\u00f3leo \u00e9 nosso\u201d.<\/p>\n<h2>\n<strong>Curtidas<\/strong><\/h2>\n<p><strong>Sem redu\u00e7\u00e3o\/<\/strong> Se n\u00e3o \u00e9 para cortar sal\u00e1rio, como defendeu a maioria dos ministros do Supremo Tribunal Federal, n\u00e3o \u00e9 para cortar jornada de trabalho. A ideia em estudo no governo \u00e9 remanejar servidores onde houver excesso. E quem n\u00e3o gostar que pe\u00e7a para sair.<\/p>\n<p><strong>Adivinhou&#8230;\/<\/strong> Antes de saber que o presidente Jair Bolsonaro havia citado os fazendeiros tamb\u00e9m como suspeitos de queimadas, o presidente da Frente Parlamentar do Agroneg\u00f3cio, deputado Alceu Moreira, do MDB-RS, estava na tribuna do Senado em defesa dos produtores sobre o mesmo tema.<\/p>\n<p><strong>&#8230;e respondeu\/<\/strong> \u201cParem de criminalizar quem produz alimentos para abastecer a mesa dos brasileiros. Desmatamento \u00e9 uma quest\u00e3o de pol\u00edcia, n\u00e3o de pol\u00edtica. N\u00e3o somos n\u00f3s, os produtores de alimentos, respons\u00e1veis por isso. Temos muita responsabilidade e somos obedientes ao C\u00f3digo Florestal\u201d, disse Alceu.<\/p>\n<p><strong>Bolsonaro em dois tempos\/<\/strong> Ao assumir a Presid\u00eancia, Jair Bolsonaro n\u00e3o mudou seu comportamento de parlamentar. Antes, ele levantava suspeitas, como fez com ONGs e fazendeiros sobre o desmatamento na Amaz\u00f4nia, e n\u00e3o gerava crises. Hoje, qualquer declara\u00e7\u00e3o tem o peso do cargo que ocupa. A espontaneidade \u00e9 boa, mas ele j\u00e1 foi aconselhado a n\u00e3o exagerar na dose.<\/p>\n","protected":false},"excerpt":{"rendered":"<p>Coluna Bras\u00edlia-DF A inten\u00e7\u00e3o do presidente franc\u00eas, Emmanuel Macron, de levar a discuss\u00e3o das queimadas na Amaz\u00f4nia para o G7, que re\u00fane as maiores economias do mundo, acendeu o pisca alerta do agroneg\u00f3cio e de alguns embaixadores brasileiros. O setor, que hoje move o Brasil, aguarda ansiosamente os acordos com a Uni\u00e3o Europeia e com a EFTA (Associa\u00e7\u00e3o Europeia de [&hellip;]<\/p>\n","protected":false},"author":29,"featured_media":4055,"comment_status":"closed","ping_status":"closed","sticky":false,"template":"","format":"standard","meta":{"footnotes":""},"categories":[4],"tags":[165,164,163],"class_list":["post-4054","post","type-post","status-publish","format-standard","has-post-thumbnail","hentry","category-coluna-brasilia-df","tag-agronegocio","tag-amazonia","tag-g7"],"_links":{"self":[{"href":"https:\/\/blogs.correiobraziliense.com.br\/denise\/wp-json\/wp\/v2\/posts\/4054","targetHints":{"allow":["GET"]}}],"collection":[{"href":"https:\/\/blogs.correiobraziliense.com.br\/denise\/wp-json\/wp\/v2\/posts"}],"about":[{"href":"https:\/\/blogs.correiobraziliense.com.br\/denise\/wp-json\/wp\/v2\/types\/post"}],"author":[{"embeddable":true,"href":"https:\/\/blogs.correiobraziliense.com.br\/denise\/wp-json\/wp\/v2\/users\/29"}],"replies":[{"embeddable":true,"href":"https:\/\/blogs.correiobraziliense.com.br\/denise\/wp-json\/wp\/v2\/comments?post=4054"}],"version-history":[{"count":1,"href":"https:\/\/blogs.correiobraziliense.com.br\/denise\/wp-json\/wp\/v2\/posts\/4054\/revisions"}],"predecessor-version":[{"id":4056,"href":"https:\/\/blogs.correiobraziliense.com.br\/denise\/wp-json\/wp\/v2\/posts\/4054\/revisions\/4056"}],"wp:featuredmedia":[{"embeddable":true,"href":"https:\/\/blogs.correiobraziliense.com.br\/denise\/wp-json\/wp\/v2\/media\/4055"}],"wp:attachment":[{"href":"https:\/\/blogs.correiobraziliense.com.br\/denise\/wp-json\/wp\/v2\/media?parent=4054"}],"wp:term":[{"taxonomy":"category","embeddable":true,"href":"https:\/\/blogs.correiobraziliense.com.br\/denise\/wp-json\/wp\/v2\/categories?post=4054"},{"taxonomy":"post_tag","embeddable":true,"href":"https:\/\/blogs.correiobraziliense.com.br\/denise\/wp-json\/wp\/v2\/tags?post=4054"}],"curies":[{"name":"wp","href":"https:\/\/api.w.org\/{rel}","templated":true}]}}