{"id":4051,"date":"2019-08-22T08:52:37","date_gmt":"2019-08-22T11:52:37","guid":{"rendered":"https:\/\/blogs.correiobraziliense.com.br\/denise\/?p=4051"},"modified":"2019-08-22T08:52:37","modified_gmt":"2019-08-22T11:52:37","slug":"eduardo-bolsonaro-dita-o-timing-da-indicacao-para-o-cargo-de-embaixador","status":"publish","type":"post","link":"https:\/\/blogs.correiobraziliense.com.br\/denise\/eduardo-bolsonaro-dita-o-timing-da-indicacao-para-o-cargo-de-embaixador\/","title":{"rendered":"Eduardo Bolsonaro dita o timing da indica\u00e7\u00e3o para o cargo de embaixador"},"content":{"rendered":"<h6><strong>Coluna Bras\u00edlia-DF<\/strong><\/h6>\n<p>O deputado Eduardo Bolsonaro pediu ao presidente que espere o balan\u00e7o das conversas que vem mantendo com senadores para enviar \u00e0 Casa a mensagem com a indica\u00e7\u00e3o dele para o cargo de embaixador do Brasil em Washington. A ideia \u00e9 concluir as visitas at\u00e9 sexta-feira e que o texto seja enviado para avalia\u00e7\u00e3o dos senadores na pr\u00f3xima semana.<\/p>\n<h2>\n<strong>Continhas<\/strong><\/h2>\n<p>As contas do l\u00edder do governo no Senado, Fernando Bezerra Coelho (MDB-PE), indicam, hoje, 10 votos a favor e sete contra a indica\u00e7\u00e3o de Eduardo na Comiss\u00e3o de Rela\u00e7\u00f5es Exteriores.<\/p>\n","protected":false},"excerpt":{"rendered":"<p>Coluna Bras\u00edlia-DF O deputado Eduardo Bolsonaro pediu ao presidente que espere o balan\u00e7o das conversas que vem mantendo com senadores para enviar \u00e0 Casa a mensagem com a indica\u00e7\u00e3o dele para o cargo de embaixador do Brasil em Washington. A ideia \u00e9 concluir as visitas at\u00e9 sexta-feira e que o texto seja enviado para avalia\u00e7\u00e3o dos senadores na pr\u00f3xima semana. [&hellip;]<\/p>\n","protected":false},"author":29,"featured_media":3908,"comment_status":"closed","ping_status":"closed","sticky":false,"template":"","format":"standard","meta":{"footnotes":""},"categories":[4],"tags":[],"class_list":["post-4051","post","type-post","status-publish","format-standard","has-post-thumbnail","hentry","category-coluna-brasilia-df"],"_links":{"self":[{"href":"https:\/\/blogs.correiobraziliense.com.br\/denise\/wp-json\/wp\/v2\/posts\/4051","targetHints":{"allow":["GET"]}}],"collection":[{"href":"https:\/\/blogs.correiobraziliense.com.br\/denise\/wp-json\/wp\/v2\/posts"}],"about":[{"href":"https:\/\/blogs.correiobraziliense.com.br\/denise\/wp-json\/wp\/v2\/types\/post"}],"author":[{"embeddable":true,"href":"https:\/\/blogs.correiobraziliense.com.br\/denise\/wp-json\/wp\/v2\/users\/29"}],"replies":[{"embeddable":true,"href":"https:\/\/blogs.correiobraziliense.com.br\/denise\/wp-json\/wp\/v2\/comments?post=4051"}],"version-history":[{"count":1,"href":"https:\/\/blogs.correiobraziliense.com.br\/denise\/wp-json\/wp\/v2\/posts\/4051\/revisions"}],"predecessor-version":[{"id":4053,"href":"https:\/\/blogs.correiobraziliense.com.br\/denise\/wp-json\/wp\/v2\/posts\/4051\/revisions\/4053"}],"wp:featuredmedia":[{"embeddable":true,"href":"https:\/\/blogs.correiobraziliense.com.br\/denise\/wp-json\/wp\/v2\/media\/3908"}],"wp:attachment":[{"href":"https:\/\/blogs.correiobraziliense.com.br\/denise\/wp-json\/wp\/v2\/media?parent=4051"}],"wp:term":[{"taxonomy":"category","embeddable":true,"href":"https:\/\/blogs.correiobraziliense.com.br\/denise\/wp-json\/wp\/v2\/categories?post=4051"},{"taxonomy":"post_tag","embeddable":true,"href":"https:\/\/blogs.correiobraziliense.com.br\/denise\/wp-json\/wp\/v2\/tags?post=4051"}],"curies":[{"name":"wp","href":"https:\/\/api.w.org\/{rel}","templated":true}]}}