{"id":4032,"date":"2019-08-19T09:17:53","date_gmt":"2019-08-19T12:17:53","guid":{"rendered":"https:\/\/blogs.correiobraziliense.com.br\/denise\/?p=4032"},"modified":"2019-08-19T09:17:53","modified_gmt":"2019-08-19T12:17:53","slug":"autonomia-do-bc-deve-ser-incluida-na-transferencia-do-coaf-para-o-banco","status":"publish","type":"post","link":"https:\/\/blogs.correiobraziliense.com.br\/denise\/autonomia-do-bc-deve-ser-incluida-na-transferencia-do-coaf-para-o-banco\/","title":{"rendered":"Autonomia do BC deve ser inclu\u00edda na transfer\u00eancia do Coaf para o banco"},"content":{"rendered":"<h6><strong>Coluna Bras\u00edlia-DF<\/strong><\/h6>\n<p>A semana ser\u00e1 agitada pelas mudan\u00e7as no Conselho de Controle de Atividades Financeiras (Coaf) para o Banco Central, por medida provis\u00f3ria. Ser\u00e1 mais um teste para o PSL, o Novo e todos aqueles que chegaram ao Parlamento lastreados pelo discurso de combate \u00e0 corrup\u00e7\u00e3o. Para dourar a p\u00edlula, a ideia que prevalecia na sexta-feira era incluir a autonomia do BC no pacote.<\/p>\n<h2>\n<strong>Vespeiros abertos<\/strong><\/h2>\n<p>As mudan\u00e7as no Coaf, a tentativa do presidente de indicar diretamente delegado da Receita Federal no porto de Itagua\u00ed (RJ) e ainda a situa\u00e7\u00e3o da Pol\u00edcia Federal no Rio aproximam o governo da parte enrascada do Centr\u00e3o e o afastam daqueles que esperavam o fim das inger\u00eancias pol\u00edticas. Coaf, Receita e PF, parte importante da estrutura de Estado que combate os malfeitos, prometem se tornar o grande foco de desgaste para o governo dentro e fora do Parlamento.<\/p>\n","protected":false},"excerpt":{"rendered":"<p>Coluna Bras\u00edlia-DF A semana ser\u00e1 agitada pelas mudan\u00e7as no Conselho de Controle de Atividades Financeiras (Coaf) para o Banco Central, por medida provis\u00f3ria. Ser\u00e1 mais um teste para o PSL, o Novo e todos aqueles que chegaram ao Parlamento lastreados pelo discurso de combate \u00e0 corrup\u00e7\u00e3o. Para dourar a p\u00edlula, a ideia que prevalecia na sexta-feira era incluir a autonomia [&hellip;]<\/p>\n","protected":false},"author":29,"featured_media":4034,"comment_status":"closed","ping_status":"closed","sticky":false,"template":"","format":"standard","meta":{"footnotes":""},"categories":[4],"tags":[],"class_list":["post-4032","post","type-post","status-publish","format-standard","has-post-thumbnail","hentry","category-coluna-brasilia-df"],"_links":{"self":[{"href":"https:\/\/blogs.correiobraziliense.com.br\/denise\/wp-json\/wp\/v2\/posts\/4032","targetHints":{"allow":["GET"]}}],"collection":[{"href":"https:\/\/blogs.correiobraziliense.com.br\/denise\/wp-json\/wp\/v2\/posts"}],"about":[{"href":"https:\/\/blogs.correiobraziliense.com.br\/denise\/wp-json\/wp\/v2\/types\/post"}],"author":[{"embeddable":true,"href":"https:\/\/blogs.correiobraziliense.com.br\/denise\/wp-json\/wp\/v2\/users\/29"}],"replies":[{"embeddable":true,"href":"https:\/\/blogs.correiobraziliense.com.br\/denise\/wp-json\/wp\/v2\/comments?post=4032"}],"version-history":[{"count":1,"href":"https:\/\/blogs.correiobraziliense.com.br\/denise\/wp-json\/wp\/v2\/posts\/4032\/revisions"}],"predecessor-version":[{"id":4035,"href":"https:\/\/blogs.correiobraziliense.com.br\/denise\/wp-json\/wp\/v2\/posts\/4032\/revisions\/4035"}],"wp:featuredmedia":[{"embeddable":true,"href":"https:\/\/blogs.correiobraziliense.com.br\/denise\/wp-json\/wp\/v2\/media\/4034"}],"wp:attachment":[{"href":"https:\/\/blogs.correiobraziliense.com.br\/denise\/wp-json\/wp\/v2\/media?parent=4032"}],"wp:term":[{"taxonomy":"category","embeddable":true,"href":"https:\/\/blogs.correiobraziliense.com.br\/denise\/wp-json\/wp\/v2\/categories?post=4032"},{"taxonomy":"post_tag","embeddable":true,"href":"https:\/\/blogs.correiobraziliense.com.br\/denise\/wp-json\/wp\/v2\/tags?post=4032"}],"curies":[{"name":"wp","href":"https:\/\/api.w.org\/{rel}","templated":true}]}}