{"id":4031,"date":"2019-08-19T08:54:16","date_gmt":"2019-08-19T11:54:16","guid":{"rendered":"https:\/\/blogs.correiobraziliense.com.br\/denise\/?p=4031"},"modified":"2019-08-19T08:54:16","modified_gmt":"2019-08-19T11:54:16","slug":"recessao-ameaca-reforma-tributaria","status":"publish","type":"post","link":"https:\/\/blogs.correiobraziliense.com.br\/denise\/recessao-ameaca-reforma-tributaria\/","title":{"rendered":"Recess\u00e3o amea\u00e7a reforma tribut\u00e1ria"},"content":{"rendered":"<h6><strong>Coluna Bras\u00edlia-DF<\/strong><\/h6>\n<p>O debate mal come\u00e7ou e o clima entre os partidos \u00e9 de chance quase zero para a reforma tribut\u00e1ria. A avalia\u00e7\u00e3o geral \u00e9 a de que n\u00e3o h\u00e1 como ter mudan\u00e7a significativa em um cen\u00e1rio de crise econ\u00f4mica. Ningu\u00e9m vai querer abrir m\u00e3o de receita: nem os estados nem a Uni\u00e3o. O governo federal quer cuidar apenas dos seus impostos, para n\u00e3o precisar dividir o seu bolo. Os estados v\u00e3o na mesma linha. De quebra, est\u00e1 em gesta\u00e7\u00e3o algo parecido com a antiga CPMF, a antiga contribui\u00e7\u00e3o sobre movimenta\u00e7\u00e3o financeira, popularmente conhecida como o imposto do cheque.<\/p>\n<p>O cen\u00e1rio \u00e9 mais preocupante do que em 2008, quando houve a quebra do Lehman Brothers nos Estados Unidos. Desta vez, avaliam, h\u00e1 a briga Estados Unidos versus China, risco de recess\u00e3o na Europa e; por aqui, a Argentina em dificuldades, e o governo brasileiro sem recursos, como lembrou o presidente Jair Bolsonaro. O risco \u00e9 de cada ente federativo tentar puxar o pouco que resta para o seu bolso e n\u00e3o sair reforma nenhuma.<\/p>\n<h2>\n<strong>Nem vem&#8230;<\/strong><\/h2>\n<p>Pressionado pelo PT para disputar a Prefeitura de S\u00e3o Paulo, o ex-ministro da Justi\u00e7a Jos\u00e9 Eduardo Cardozo j\u00e1 avisou que n\u00e3o ser\u00e1 candidato e pretende continuar dedicado \u00e0 advocacia.<\/p>\n<h2>\n\u2026 Que n\u00e3o tem<\/h2>\n<p>Em c\u00edrculos mais reservados, alguns petistas dizem que, se a elei\u00e7\u00e3o fosse pule de 10 para o PT em S\u00e3o Paulo, as correntes partid\u00e1rias n\u00e3o estariam atr\u00e1s de Cardozo. O clima hoje na capital paulista n\u00e3o est\u00e1 para o partido de Lula.<\/p>\n<h2>\n<strong>No colo do Senado<\/strong><\/h2>\n<p>A demora na vota\u00e7\u00e3o do PLC 79, que reestrutura as telecomunica\u00e7\u00f5es, poder\u00e1 colocar no colo do Senado a responsabilidade da interven\u00e7\u00e3o na Oi. O projeto que d\u00e1 f\u00f4lego \u00e0s empresas de telefonia est\u00e1 tramitando a passos de tartaruga e a lentid\u00e3o \u00e9 atribu\u00edda nos bastidores \u00e0s resist\u00eancias da Claro \u00e0 proposta. As demais empresas e o governo s\u00e3o a favor do projeto.<\/p>\n<h2>\n<strong><em>CURTIDAS<\/em><\/strong><\/h2>\n<p><strong>Trocou mesmo\/<\/strong> Aliados do ministro da Casa Civil, Onyx Lorenzoni, j\u00e1 perceberam as mudan\u00e7as na articula\u00e7\u00e3o pol\u00edtica do governo. As demandas dos parlamentares, assim que chegam, seguem diretamente para a Secretaria de Governo.<\/p>\n<p><strong>Una-se a ele!\/<\/strong> At\u00e9 o presidente do Senado, Davi Alcolumbre, que, h\u00e1 algum tempo havia dito que manteria a interlocu\u00e7\u00e3o com Onyx, j\u00e1 se comp\u00f4s com o novo ministro da Secretaria de Governo, Luiz Eduardo Ramos. O ministro se mostrou aos pol\u00edticos como um homem do di\u00e1logo. Resta saber se entregar\u00e1 os pedidos.<\/p>\n<p><strong>Farinha &amp; bolo\/<\/strong> Enquanto o governador de S\u00e3o Paulo, Jo\u00e3o Doria, amplia a Invest SP para Xangai e Dubai, a Apex Brasil abre um escrit\u00f3rio no Rio Grande do Sul. O governador ga\u00facho, Eduardo Leite, gostou. Mas os exportadores continuam ansiosos por medidas mais ousadas.<\/p>\n<p><strong>Sempre eles\/<\/strong> Os magistrados abrem a porteira por pedidos de reajustes salariais para compensar a infla\u00e7\u00e3o, haja vista a nota da Associa\u00e7\u00e3o Nacional dos Magistrados da Justi\u00e7a do Trabalho (Anamatra). A entidade, como bem registrou o Blog do Servidor no site www.correiobraziliense.com.br, foi a primeira a reclamar do Or\u00e7amento de 2020 n\u00e3o conter o reajuste. Outras queixas vir\u00e3o.<\/p>\n","protected":false},"excerpt":{"rendered":"<p>Coluna Bras\u00edlia-DF O debate mal come\u00e7ou e o clima entre os partidos \u00e9 de chance quase zero para a reforma tribut\u00e1ria. A avalia\u00e7\u00e3o geral \u00e9 a de que n\u00e3o h\u00e1 como ter mudan\u00e7a significativa em um cen\u00e1rio de crise econ\u00f4mica. Ningu\u00e9m vai querer abrir m\u00e3o de receita: nem os estados nem a Uni\u00e3o. O governo federal quer cuidar apenas dos [&hellip;]<\/p>\n","protected":false},"author":29,"featured_media":3901,"comment_status":"closed","ping_status":"closed","sticky":false,"template":"","format":"standard","meta":{"footnotes":""},"categories":[4],"tags":[],"class_list":["post-4031","post","type-post","status-publish","format-standard","has-post-thumbnail","hentry","category-coluna-brasilia-df"],"_links":{"self":[{"href":"https:\/\/blogs.correiobraziliense.com.br\/denise\/wp-json\/wp\/v2\/posts\/4031","targetHints":{"allow":["GET"]}}],"collection":[{"href":"https:\/\/blogs.correiobraziliense.com.br\/denise\/wp-json\/wp\/v2\/posts"}],"about":[{"href":"https:\/\/blogs.correiobraziliense.com.br\/denise\/wp-json\/wp\/v2\/types\/post"}],"author":[{"embeddable":true,"href":"https:\/\/blogs.correiobraziliense.com.br\/denise\/wp-json\/wp\/v2\/users\/29"}],"replies":[{"embeddable":true,"href":"https:\/\/blogs.correiobraziliense.com.br\/denise\/wp-json\/wp\/v2\/comments?post=4031"}],"version-history":[{"count":1,"href":"https:\/\/blogs.correiobraziliense.com.br\/denise\/wp-json\/wp\/v2\/posts\/4031\/revisions"}],"predecessor-version":[{"id":4033,"href":"https:\/\/blogs.correiobraziliense.com.br\/denise\/wp-json\/wp\/v2\/posts\/4031\/revisions\/4033"}],"wp:featuredmedia":[{"embeddable":true,"href":"https:\/\/blogs.correiobraziliense.com.br\/denise\/wp-json\/wp\/v2\/media\/3901"}],"wp:attachment":[{"href":"https:\/\/blogs.correiobraziliense.com.br\/denise\/wp-json\/wp\/v2\/media?parent=4031"}],"wp:term":[{"taxonomy":"category","embeddable":true,"href":"https:\/\/blogs.correiobraziliense.com.br\/denise\/wp-json\/wp\/v2\/categories?post=4031"},{"taxonomy":"post_tag","embeddable":true,"href":"https:\/\/blogs.correiobraziliense.com.br\/denise\/wp-json\/wp\/v2\/tags?post=4031"}],"curies":[{"name":"wp","href":"https:\/\/api.w.org\/{rel}","templated":true}]}}