{"id":4021,"date":"2019-08-16T08:21:59","date_gmt":"2019-08-16T11:21:59","guid":{"rendered":"https:\/\/blogs.correiobraziliense.com.br\/denise\/?p=4021"},"modified":"2019-08-16T08:22:50","modified_gmt":"2019-08-16T11:22:50","slug":"lei-do-abuso-de-autoridade-assessores-devem-sugerir-vetos-a-bolsonaro","status":"publish","type":"post","link":"https:\/\/blogs.correiobraziliense.com.br\/denise\/lei-do-abuso-de-autoridade-assessores-devem-sugerir-vetos-a-bolsonaro\/","title":{"rendered":"Lei do Abuso de Autoridade: Assessores devem sugerir vetos a Bolsonaro"},"content":{"rendered":"<p>Assessores do presidente Jair Bolsonaro est\u00e3o decididos a sugerir vetos parciais \u00e0 Lei do Abuso de Autoridade, mas de forma a n\u00e3o desfigurar a proposta. Afinal, prevalece no Planalto a certeza de que Bolsonaro n\u00e3o pode passar a ideia de que concorda em tolher o trabalho dos ju\u00edzes e promotores. Tudo o que estiver nesse sentido ser\u00e1 retirado. No governo, prevalece a vis\u00e3o de que n\u00e3o d\u00e1 para prender juiz que faz o seu trabalho de botar corrupto na cadeia.<\/p>\n<p>Na \u00e1rea mais pol\u00edtica, h\u00e1 quem diga que o ministro da Justi\u00e7a, S\u00e9rgio Moro, pode receber a senha para deixar o governo, caso o presidente n\u00e3o siga suas sugest\u00f5es para veto ao projeto. Afinal, Moro, quando juiz, esteve no Parlamento e teceu diversas cr\u00edticas ao projeto aprovado agora na C\u00e2mara.<\/p>\n<h3>Tem que ver isso a\u00ed, talquei?<\/h3>\n<p>Esta semana, o presidente Jair Bolsonaro foi com tudo para cima do ministro da Economia, Paulo Guedes. S\u00e3o necess\u00e1rias medidas urgentes para aquecer a economia. O presidente sabe que \u00e9 nessa seara que mora o perigo. E o estoque de distra\u00e7\u00e3o do governo est\u00e1 acabando.<\/p>\n<h3>A forma incomodou&#8230;<\/h3>\n<p>A Pol\u00edcia Federal ficou para l\u00e1 de chateada com o fato de o presidente Jair Bolsonaro, na pr\u00e1tica, ter chamado o superintendente da PF no Rio, Ricardo Saadi, de incompetente, ao dizer que o trocaria por \u201cgest\u00e3o e produtividade\u201d. A PF tentou consertar o estrago divulgando uma nota para dizer que a substitui\u00e7\u00e3o j\u00e1 estava decidida havia tempos.<\/p>\n<h3>\u2026 tal e qual a falta de recursos<\/h3>\n<p>Policiais dos mais diversos estados t\u00eam reclamado que a situa\u00e7\u00e3o, hoje, est\u00e1 quase como foi num determinado per\u00edodo do governo Fernando Henrique Cardoso, em que n\u00e3o havia dinheiro para di\u00e1rias e passagens para viagens em opera\u00e7\u00f5es. Alguns est\u00e3o sem verba at\u00e9 para abastecer os carros.<\/p>\n<h3>Tudo junto<\/h3>\n<p>Os senadores est\u00e3o muito preocupados com o engarrafamento de reformas na Comiss\u00e3o de Constitui\u00e7\u00e3o e Justi\u00e7a. O receio \u00e9 de que a reforma da Previd\u00eancia termine em segundo plano, por causa das discuss\u00f5es da tribut\u00e1ria e do pacto federativo.<\/p>\n<p><strong>Nada mudou<\/strong>\/ A Subchefia de Assuntos Jur\u00eddicos continua na Casa Civil da Presid\u00eancia da Rep\u00fablica. Quando o ministro Jorge Oliveira assumiu a Secretaria-Geral da Presid\u00eancia, ficou definido que essa estrutura ficaria sob seu guarda-chuva.<\/p>\n<figure id=\"attachment_4023\" aria-describedby=\"caption-attachment-4023\" style=\"width: 150px\" class=\"wp-caption alignleft\"><a href=\"https:\/\/blogs.correiobraziliense.com.br\/denise\/wp-content\/uploads\/sites\/12\/2019\/08\/luciano_huck.jpg\"><img loading=\"lazy\" decoding=\"async\" class=\"size-thumbnail wp-image-4023\" src=\"https:\/\/blogs.correiobraziliense.com.br\/denise\/wp-content\/uploads\/sites\/12\/2019\/08\/luciano_huck-150x150.jpg\" alt=\"\" width=\"150\" height=\"150\" \/><\/a><figcaption id=\"caption-attachment-4023\" class=\"wp-caption-text\">Cr\u00e9dito: Reprodu\u00e7\u00e3o\/Internet<\/figcaption><\/figure>\n<p><strong>Olho nele\/<\/strong> Em maratona de palestras pelo pa\u00eds, muitas devidamente estampadas no notici\u00e1rio com cr\u00edticas ao atual governo, o empres\u00e1rio e apresentador Luciano Huck (<em>foto<\/em>) entrou no radar dos pol\u00edticos como uma promessa para 2022.<\/p>\n<p><strong><br \/>\nPrevid\u00eancia s\u00f3 depois<\/strong>\/ A segunda-feira come\u00e7a com uma v\u00e1rias exposi\u00e7\u00f5es sobre a reforma tribut\u00e1ria na Comiss\u00e3o de Constitui\u00e7\u00e3o e Justi\u00e7a do Senado. Nesse ritmo, vai ser dif\u00edcil cumprir os prazos da previdenci\u00e1ria.<\/p>\n<p><strong>N\u00e3o tem SUS para a fam\u00edlia&#8230;\/<\/strong>\u2026 Mas tem helic\u00f3ptero para ir ao casamento. \u00c9 esse o discurso que a oposi\u00e7\u00e3o ensaia retomar para colocar novamente na roda o uso de um helic\u00f3ptero para levar parentes do presidente ao casamento do deputado Eduardo Bolsonaro, no Rio de Janeiro. Jair Bolsonaro mencionou a quest\u00e3o do SUS quando perguntado sobre o caso da av\u00f3 da primeira-dama que ficou tr\u00eas dias internada no corredor de um hospital, em Ceil\u00e2ndia.<\/p>\n","protected":false},"excerpt":{"rendered":"<p>Assessores do presidente Jair Bolsonaro est\u00e3o decididos a sugerir vetos parciais \u00e0 Lei do Abuso de Autoridade, mas de forma a n\u00e3o desfigurar a proposta. Afinal, prevalece no Planalto a certeza de que Bolsonaro n\u00e3o pode passar a ideia de que concorda em tolher o trabalho dos ju\u00edzes e promotores. Tudo o que estiver nesse sentido ser\u00e1 retirado. No governo, [&hellip;]<\/p>\n","protected":false},"author":29,"featured_media":4022,"comment_status":"closed","ping_status":"closed","sticky":false,"template":"","format":"standard","meta":{"footnotes":""},"categories":[4],"tags":[28,158,157,159,117,49],"class_list":["post-4021","post","type-post","status-publish","format-standard","has-post-thumbnail","hentry","category-coluna-brasilia-df","tag-bolsonaro","tag-fernando-henrique-cardoso","tag-lei-do-abuso-de-autoridade","tag-luciano-huck","tag-moro","tag-paulo-guedes"],"_links":{"self":[{"href":"https:\/\/blogs.correiobraziliense.com.br\/denise\/wp-json\/wp\/v2\/posts\/4021","targetHints":{"allow":["GET"]}}],"collection":[{"href":"https:\/\/blogs.correiobraziliense.com.br\/denise\/wp-json\/wp\/v2\/posts"}],"about":[{"href":"https:\/\/blogs.correiobraziliense.com.br\/denise\/wp-json\/wp\/v2\/types\/post"}],"author":[{"embeddable":true,"href":"https:\/\/blogs.correiobraziliense.com.br\/denise\/wp-json\/wp\/v2\/users\/29"}],"replies":[{"embeddable":true,"href":"https:\/\/blogs.correiobraziliense.com.br\/denise\/wp-json\/wp\/v2\/comments?post=4021"}],"version-history":[{"count":2,"href":"https:\/\/blogs.correiobraziliense.com.br\/denise\/wp-json\/wp\/v2\/posts\/4021\/revisions"}],"predecessor-version":[{"id":4025,"href":"https:\/\/blogs.correiobraziliense.com.br\/denise\/wp-json\/wp\/v2\/posts\/4021\/revisions\/4025"}],"wp:featuredmedia":[{"embeddable":true,"href":"https:\/\/blogs.correiobraziliense.com.br\/denise\/wp-json\/wp\/v2\/media\/4022"}],"wp:attachment":[{"href":"https:\/\/blogs.correiobraziliense.com.br\/denise\/wp-json\/wp\/v2\/media?parent=4021"}],"wp:term":[{"taxonomy":"category","embeddable":true,"href":"https:\/\/blogs.correiobraziliense.com.br\/denise\/wp-json\/wp\/v2\/categories?post=4021"},{"taxonomy":"post_tag","embeddable":true,"href":"https:\/\/blogs.correiobraziliense.com.br\/denise\/wp-json\/wp\/v2\/tags?post=4021"}],"curies":[{"name":"wp","href":"https:\/\/api.w.org\/{rel}","templated":true}]}}