{"id":4015,"date":"2019-08-15T08:27:23","date_gmt":"2019-08-15T11:27:23","guid":{"rendered":"https:\/\/blogs.correiobraziliense.com.br\/denise\/?p=4015"},"modified":"2019-08-15T08:57:32","modified_gmt":"2019-08-15T11:57:32","slug":"movimentos-da-oposicao-sao-classificados-como-os-sem-bandeira","status":"publish","type":"post","link":"https:\/\/blogs.correiobraziliense.com.br\/denise\/movimentos-da-oposicao-sao-classificados-como-os-sem-bandeira\/","title":{"rendered":"Movimentos da oposi\u00e7\u00e3o s\u00e3o classificados como &#8216;Os sem-bandeira&#8217;"},"content":{"rendered":"<p>Os movimentos da oposi\u00e7\u00e3o nos \u00faltimos dias foram classificados pelos pr\u00f3prios oposicionistas como erros, tanto na estrat\u00e9gia como na forma. A reclama\u00e7\u00e3o do trabalho aos domingos, por exemplo, levantada como bandeira na sess\u00e3o que analisou a Medida Provis\u00f3ria da Liberdade Econ\u00f4mica, n\u00e3o obteve 75 votos, e \u00e9 controversa, uma vez que, em viagens internacionais, a maioria desses deputados elogia o fato de tudo funcionar aos domingos em alguns pa\u00edses.<\/p>\n<p>A Marcha das Margaridas, que tinha entre as reclama\u00e7\u00f5es a vota\u00e7\u00e3o da reforma da Previd\u00eancia, parou Bras\u00edlia na manh\u00e3 de quarta-feira, mas chegou na hora errada, uma vez que a reforma previdenci\u00e1ria j\u00e1 foi votada na C\u00e2mara e, no Senado, as discuss\u00f5es sequer esquentaram. Logo, houve muito esfor\u00e7o por nada. Nesse ritmo, ganham destaque o presidente da C\u00e2mara, Rodrigo Maia, e o governo.<\/p>\n<h3>Limites legais<\/h3>\n<p>Depois da Vaza-Jato, os tribunais redobraram a aten\u00e7\u00e3o com pedidos do MP. Em Bras\u00edlia, um pedido do Minist\u00e9rio P\u00fablico do Distrito Federal est\u00e1 deixando desembargadores e assessores do Tribunal de Justi\u00e7a de cabelo em p\u00e9. Um dos endere\u00e7os para busca e apreens\u00e3o oferecidos pelos procuradores \u00e9 de uma embaixada, que goza de inviolabilidade em raz\u00e3o da conven\u00e7\u00e3o de Viena (1961) e imunidade diplom\u00e1tica. A trapalhada gerou um desconforto geral.<\/p>\n<h3>E agora, Alcolumbre?<\/h3>\n<p>Quando conquistou a Presid\u00eancia do Senado na pol\u00eamica disputa contra o senador Renan Calheiros, Davi Alcolumbre disse em alto e bom som que aquela seria a \u00faltima vota\u00e7\u00e3o secreta da Casa. V\u00e1rios senadores mostraram seus votos. Agora, entretanto, em rela\u00e7\u00e3o \u00e0 escolha de embaixadores, uma parte da turma que defendia o voto aberto emudeceu.<\/p>\n<h3>Quem ganha<\/h3>\n<p>A avalia\u00e7\u00e3o, na ala mais governista do Senado, \u00e9 a de que o voto secreto ajudar\u00e1 a guindar Eduardo Bolsonaro ao cargo de embaixador do Brasil em Washington. O sujeito pode perfeitamente dizer que deveria ser outro nome e coisa e tal, mas votar a favor do deputado, sem soar incoer\u00eancia.<\/p>\n<h3>Enquanto isso, na Sa\u00fade\u2026<\/h3>\n<p>O ministro Luiz Henrique Mandetta trouxe n\u00fameros alarmantes para o Semin\u00e1rio sobre Alimenta\u00e7\u00e3o Saud\u00e1vel, no Correio.Debate: 12,9% das crian\u00e7as de 5 a 9 anos s\u00e3o obesas no Brasil, e 18,9% da popula\u00e7\u00e3o adulta padecem do mesmo mal. Vem por a\u00ed uma briga para advert\u00eancias em alimentos ultraprocessados. Tal e qual foi a de inclus\u00e3o de advert\u00eancias nas embalagens de cigarros.<\/p>\n<h3>Espi\u00f5es<\/h3>\n<p>Cientes das possibilidades de uma nova onda em prol das advert\u00eancias nos r\u00f3tulos, grandes ind\u00fastrias de ultraprocessados mandaram assessores ao semin\u00e1rio para acompanhar de perto as discuss\u00f5es e sugest\u00f5es.<\/p>\n<h3>E o abuso, hein?<\/h3>\n<p>O clima na C\u00e2mara, no in\u00edcio da tarde de ontem, para a vota\u00e7\u00e3o do projeto de abuso de autoridade, conforme antecipou a coluna Bras\u00edlia-DF de ontem, era do tipo \u201cvamos nos vingar\u201d do Minist\u00e9rio P\u00fablico.<\/p>\n<h3>Em fam\u00edlia<\/h3>\n<figure id=\"attachment_4016\" aria-describedby=\"caption-attachment-4016\" style=\"width: 300px\" class=\"wp-caption alignleft\"><a href=\"https:\/\/blogs.correiobraziliense.com.br\/denise\/wp-content\/uploads\/sites\/12\/2019\/08\/flavio1.jpg\"><img loading=\"lazy\" decoding=\"async\" class=\"size-medium wp-image-4016\" src=\"https:\/\/blogs.correiobraziliense.com.br\/denise\/wp-content\/uploads\/sites\/12\/2019\/08\/flavio1-300x200.jpg\" alt=\"Senador Fl\u00e1vio Bolsonaro\" width=\"300\" height=\"200\" \/><\/a><figcaption id=\"caption-attachment-4016\" class=\"wp-caption-text\">Foto: Wilson Dias\/Ag\u00eancia Brasil. Senador Fl\u00e1vio Bolsonaro<\/figcaption><\/figure>\n<p>Dedicado a cuidar dos votos para conseguir ver seu nome aprovado para embaixador nos Estados Unidos, o deputado Eduardo Bolsonaro passou algumas horas reunido com o irm\u00e3o, o senador Fl\u00e1vio Bolsonaro (<strong>foto<\/strong>): 01 ser\u00e1 os olhos e ouvidos de 03<br \/>\nentre os senadores.<\/p>\n<h3>Ajuste de foco na economia<\/h3>\n<p>Enquanto a popula\u00e7\u00e3o se distrai com as cita\u00e7\u00f5es pol\u00eamicas e escatol\u00f3gicas do presidente Jair Bolsonaro, a economia entra em recess\u00e3o t\u00e9cnica, com queda da bolsa de valores e alta do d\u00f3lar.<\/p>\n<h3>Maratona<\/h3>\n<p>O ministro da Sa\u00fade, Luiz Henrique Mandetta, desceu do carro no Eixo Monumental, pr\u00f3ximo ao Pal\u00e1cio do Buriti, e foi andando at\u00e9 a sede do <strong>Correio Braziliense<\/strong> para chegar a tempo de abrir o semin\u00e1rio e, de quebra, seguir<br \/>\ncom o presidente Jair Bolsonaro para o Piau\u00ed.<\/p>\n","protected":false},"excerpt":{"rendered":"<p>Os movimentos da oposi\u00e7\u00e3o nos \u00faltimos dias foram classificados pelos pr\u00f3prios oposicionistas como erros, tanto na estrat\u00e9gia como na forma. A reclama\u00e7\u00e3o do trabalho aos domingos, por exemplo, levantada como bandeira na sess\u00e3o que analisou a Medida Provis\u00f3ria da Liberdade Econ\u00f4mica, n\u00e3o obteve 75 votos, e \u00e9 controversa, uma vez que, em viagens internacionais, a maioria desses deputados elogia o [&hellip;]<\/p>\n","protected":false},"author":29,"featured_media":4018,"comment_status":"closed","ping_status":"closed","sticky":false,"template":"","format":"standard","meta":{"footnotes":""},"categories":[4],"tags":[28,47,156,155],"class_list":["post-4015","post","type-post","status-publish","format-standard","has-post-thumbnail","hentry","category-coluna-brasilia-df","tag-bolsonaro","tag-flavio-bolsonaro","tag-mandetta","tag-marcha-das-margaridas"],"_links":{"self":[{"href":"https:\/\/blogs.correiobraziliense.com.br\/denise\/wp-json\/wp\/v2\/posts\/4015","targetHints":{"allow":["GET"]}}],"collection":[{"href":"https:\/\/blogs.correiobraziliense.com.br\/denise\/wp-json\/wp\/v2\/posts"}],"about":[{"href":"https:\/\/blogs.correiobraziliense.com.br\/denise\/wp-json\/wp\/v2\/types\/post"}],"author":[{"embeddable":true,"href":"https:\/\/blogs.correiobraziliense.com.br\/denise\/wp-json\/wp\/v2\/users\/29"}],"replies":[{"embeddable":true,"href":"https:\/\/blogs.correiobraziliense.com.br\/denise\/wp-json\/wp\/v2\/comments?post=4015"}],"version-history":[{"count":2,"href":"https:\/\/blogs.correiobraziliense.com.br\/denise\/wp-json\/wp\/v2\/posts\/4015\/revisions"}],"predecessor-version":[{"id":4020,"href":"https:\/\/blogs.correiobraziliense.com.br\/denise\/wp-json\/wp\/v2\/posts\/4015\/revisions\/4020"}],"wp:featuredmedia":[{"embeddable":true,"href":"https:\/\/blogs.correiobraziliense.com.br\/denise\/wp-json\/wp\/v2\/media\/4018"}],"wp:attachment":[{"href":"https:\/\/blogs.correiobraziliense.com.br\/denise\/wp-json\/wp\/v2\/media?parent=4015"}],"wp:term":[{"taxonomy":"category","embeddable":true,"href":"https:\/\/blogs.correiobraziliense.com.br\/denise\/wp-json\/wp\/v2\/categories?post=4015"},{"taxonomy":"post_tag","embeddable":true,"href":"https:\/\/blogs.correiobraziliense.com.br\/denise\/wp-json\/wp\/v2\/tags?post=4015"}],"curies":[{"name":"wp","href":"https:\/\/api.w.org\/{rel}","templated":true}]}}