{"id":3990,"date":"2019-08-08T08:21:24","date_gmt":"2019-08-08T11:21:24","guid":{"rendered":"https:\/\/blogs.correiobraziliense.com.br\/denise\/?p=3990"},"modified":"2019-08-08T08:21:24","modified_gmt":"2019-08-08T11:21:24","slug":"medo-do-ex-presidente-em-presidio-faz-pt-voltar-com-forca-maxima-ao-lula-livre","status":"publish","type":"post","link":"https:\/\/blogs.correiobraziliense.com.br\/denise\/medo-do-ex-presidente-em-presidio-faz-pt-voltar-com-forca-maxima-ao-lula-livre\/","title":{"rendered":"Medo do ex-presidente em pres\u00eddio faz PT voltar com for\u00e7a m\u00e1xima ao &#8220;Lula Livre&#8221;"},"content":{"rendered":"<h6><strong>Coluna Bras\u00edlia-DF<\/strong><\/h6>\n<p>A decis\u00e3o da ju\u00edza Carolina Lebbos, de transferir o ex-presidente Lula para o pres\u00eddio de Trememb\u00e9, em S\u00e3o Paulo, serviu para unir o Partido dos Trabalhadores e voltar com toda for\u00e7a o Lula Livre. Setores do partido come\u00e7avam a querer deixar de lado a ideia de jogar toda a energia de seus militantes na liberdade do ex-presidente e, aos poucos, passar a trabalhar temas que possam ser caros na elei\u00e7\u00e3o do ano que vem. Agora, diante do susto que o partido passou ao longo de todo o dia \u2014 de ver o ex-presidente exposto a rebeli\u00f5es e, dizem os petistas, at\u00e9 mesmo ao risco de atentados em Trememb\u00e9 \u2014 esses petistas recuaram. Lula Livre segue como a principal palavra de ordem.<\/p>\n<h2>\n<strong>D\u00edzimo sem fisco I<\/strong><\/h2>\n<p>A movimenta\u00e7\u00e3o da bancada evang\u00e9lica junto ao presidente Jair Bolsonaro em torno de imunidade tribut\u00e1ria para as igrejas, e at\u00e9 a dispensa de CNPJ, vem sendo acompanhada de perto pela equipe econ\u00f4mica do governo. Mal terminou o almo\u00e7o, assessores da \u00e1rea econ\u00f4mica procuraram os deputados em busca de detalhes dos pedidos.<\/p>\n<h2><strong>D\u00edzimo sem fisco II<\/strong><\/h2>\n<p>H\u00e1 o receio de que, numa reforma tribut\u00e1ria, a expressiva bancada evang\u00e9lica consiga algum trunfo. Especialmente neste segundo semestre, em que os candidatos a prefeito tentam agregar votos. Da parte do governo, h\u00e1 o receio de que algumas igrejas que proliferam no Brasil virem anexos para lavagem de dinheiro. Por isso, todo o cuidado \u00e9 pouco.<\/p>\n<h2><strong>OAB, novo lema<\/strong><\/h2>\n<p>As declara\u00e7\u00f5es do presidente Jair Bolsonaro sobre Fernando Santa Cruz, o pai do presidente da OAB, Felipe Santa Cruz, serviram para tirar de cena as rusgas internas na Ordem. Agora, emerge ali um \u201csomos todos Santa Cruz\u201d.<\/p>\n<h2><strong>OAB, o retorno<\/strong><\/h2>\n<p>A ideia de muitos advogados \u00e9 aproveitar a onda de defesa do seu presidente para tentar resgatar o prest\u00edgio e o p\u00f3dio de defensora das garantias individuais que a tornou uma institui\u00e7\u00e3o de destaque no per\u00edodo da ditadura militar.<\/p>\n<h2><strong>O foco \u00e9 Dallagnol<\/strong><\/h2>\n<p>Advogados que passaram aperto nas m\u00e3os do ministro S\u00e9rgio Moro nos tempos em que ele era juiz n\u00e3o apostam mais em qualquer afastamento do ministro da Justi\u00e7a. Acham que essa fase passou, e quem vai pagar a conta pelo conte\u00fado dos di\u00e1logos vazados ser\u00e1 mesmo o procurador Deltan Dallagnol, como, ali\u00e1s, <a href=\"https:\/\/blogs.correiobraziliense.com.br\/denise\/dallagnol-sera-alvo-de-toda-a-pressao-em-torno-dos-dialogos\/\">contou a coluna quando da divulga\u00e7\u00e3o dos primeiros \u00e1udios pelo site The Intercept<\/a>.<\/p>\n<p><strong><em>CURTIDAS<\/em><\/strong><\/p>\n<p><strong>Quem avisa&#8230;\/<\/strong> O presidente da Comiss\u00e3o de Rela\u00e7\u00f5es Exteriores do Senado, Nelsinho Trad, aconselhou o deputado Eduardo Bolsonaro (PSL-RJ, foto) a procurar um a um os senadores para se apresentar e expor as raz\u00f5es pelas quais deve ser embaixador em Washington. Em especial, os de partidos de centro.<\/p>\n<p><strong>\u2026 Amigo \u00e9\/<\/strong> Um dos que Eduardo ter\u00e1 que cortejar para valer \u00e9 o MDB. Leia-se o l\u00edder do partido, Eduardo Braga, ex-ministro de Dilma Rousseff, e Renan Calheiros, que foi ministro de Fernando Henrique Cardoso.<\/p>\n<p><strong>Voto\/<\/strong> No papel de vice-l\u00edder do governo, o senador Izalci Lucas (PSDB-DF) \u00e9 considerado voto certo a favor da indica\u00e7\u00e3o de Eduardo Bolsonaro a embaixador do Brasil em Washington.<\/p>\n<p><strong>Pol\u00edtica sem adjetivos\/<\/strong> A turma que chegou ao Congresso prometendo mudar tudo come\u00e7a a descobrir que h\u00e1 certas coisas imut\u00e1veis. Que o diga o deputado Alexandre Frota (PSL-SP), que se absteve na vota\u00e7\u00e3o do texto da reforma. \u201c\u00c9 um recado para o sistema, que o voto do deputado, seja ele qual for, tem o mesmo peso aqui dentro.\u201d A turma que o governo classifica como \u201cvelha pol\u00edtica\u201d sabe disso h\u00e1 tempos. Os novos, depois da maratona de vota\u00e7\u00f5es da Previd\u00eancia, descobriram essa p\u00f3lvora.<\/p>\n","protected":false},"excerpt":{"rendered":"<p>Coluna Bras\u00edlia-DF A decis\u00e3o da ju\u00edza Carolina Lebbos, de transferir o ex-presidente Lula para o pres\u00eddio de Trememb\u00e9, em S\u00e3o Paulo, serviu para unir o Partido dos Trabalhadores e voltar com toda for\u00e7a o Lula Livre. Setores do partido come\u00e7avam a querer deixar de lado a ideia de jogar toda a energia de seus militantes na liberdade do ex-presidente e, [&hellip;]<\/p>\n","protected":false},"author":29,"featured_media":3325,"comment_status":"closed","ping_status":"closed","sticky":false,"template":"","format":"standard","meta":{"footnotes":""},"categories":[4],"tags":[148,98,153,23],"class_list":["post-3990","post","type-post","status-publish","format-standard","has-post-thumbnail","hentry","category-coluna-brasilia-df","tag-deltan-dallagnol","tag-lula","tag-lula-livre","tag-pt"],"_links":{"self":[{"href":"https:\/\/blogs.correiobraziliense.com.br\/denise\/wp-json\/wp\/v2\/posts\/3990","targetHints":{"allow":["GET"]}}],"collection":[{"href":"https:\/\/blogs.correiobraziliense.com.br\/denise\/wp-json\/wp\/v2\/posts"}],"about":[{"href":"https:\/\/blogs.correiobraziliense.com.br\/denise\/wp-json\/wp\/v2\/types\/post"}],"author":[{"embeddable":true,"href":"https:\/\/blogs.correiobraziliense.com.br\/denise\/wp-json\/wp\/v2\/users\/29"}],"replies":[{"embeddable":true,"href":"https:\/\/blogs.correiobraziliense.com.br\/denise\/wp-json\/wp\/v2\/comments?post=3990"}],"version-history":[{"count":1,"href":"https:\/\/blogs.correiobraziliense.com.br\/denise\/wp-json\/wp\/v2\/posts\/3990\/revisions"}],"predecessor-version":[{"id":3991,"href":"https:\/\/blogs.correiobraziliense.com.br\/denise\/wp-json\/wp\/v2\/posts\/3990\/revisions\/3991"}],"wp:featuredmedia":[{"embeddable":true,"href":"https:\/\/blogs.correiobraziliense.com.br\/denise\/wp-json\/wp\/v2\/media\/3325"}],"wp:attachment":[{"href":"https:\/\/blogs.correiobraziliense.com.br\/denise\/wp-json\/wp\/v2\/media?parent=3990"}],"wp:term":[{"taxonomy":"category","embeddable":true,"href":"https:\/\/blogs.correiobraziliense.com.br\/denise\/wp-json\/wp\/v2\/categories?post=3990"},{"taxonomy":"post_tag","embeddable":true,"href":"https:\/\/blogs.correiobraziliense.com.br\/denise\/wp-json\/wp\/v2\/tags?post=3990"}],"curies":[{"name":"wp","href":"https:\/\/api.w.org\/{rel}","templated":true}]}}