{"id":3987,"date":"2019-08-07T08:07:23","date_gmt":"2019-08-07T11:07:23","guid":{"rendered":"https:\/\/blogs.correiobraziliense.com.br\/denise\/?p=3987"},"modified":"2019-08-07T08:07:23","modified_gmt":"2019-08-07T11:07:23","slug":"governo-tenta-formar-base-politica-mas-ve-partidos-do-centro-se-distanciando","status":"publish","type":"post","link":"https:\/\/blogs.correiobraziliense.com.br\/denise\/governo-tenta-formar-base-politica-mas-ve-partidos-do-centro-se-distanciando\/","title":{"rendered":"Governo tenta formar base pol\u00edtica, mas v\u00ea partidos do centro se distanciando"},"content":{"rendered":"<h6><strong>Coluna Bras\u00edlia-DF<\/strong><\/h6>\n<p>O primeiro semestre marcou uma tentativa de aproxima\u00e7\u00e3o maior dos partidos de centro com o governo, sem que o presidente Jair Bolsonaro buscasse, de fato, uma base pol\u00edtica para o que der e vier. Agora, entretanto, enquanto o pa\u00eds se distrai com as frases pol\u00eamicas do inquilino do Pal\u00e1cio da Alvorada, os pap\u00e9is prometem se inverter: o governo vai, aos poucos, tentando formar essa base mais coesa e fiel.<\/p>\n<p>Ocorre que os partidos de centro come\u00e7am, de forma sutil, a deixar de lado qualquer gesto mais ostensivo de aproxima\u00e7\u00e3o com o presidente. Com as emendas ao Or\u00e7amento praticamente liberadas, a ordem \u00e9 aprovar as reformas e cuidar da pr\u00f3pria vida. Um dos que promete tomar esse caminho \u00e9 o DEM. Tanto que, por ali, ningu\u00e9m cobra mais o an\u00fancio de apoio formal ao governo, com direito a foto dos comandantes do partido com o presidente da Rep\u00fablica. Na conven\u00e7\u00e3o de maio, por exemplo, s\u00f3 o governador de Goi\u00e1s, Ronaldo Caiado, havia feito essa cobran\u00e7a. Agora, nem ele.<\/p>\n<h2><strong>Protocolar<\/strong><\/h2>\n<p>O fato de o presidente da C\u00e2mara, Rodrigo Maia, dizer que pode retomar a discuss\u00e3o da capitaliza\u00e7\u00e3o foi lido nos partidos de centro como uma cortesia. A pre\u00e7os de hoje, n\u00e3o h\u00e1 clima para misturar os estados com a implanta\u00e7\u00e3o do regime de capitaliza\u00e7\u00e3o.<\/p>\n<h2><strong>Olho no gato&#8230;<\/strong><\/h2>\n<p>Desde a pol\u00eamica em que o Tribunal de Contas da Uni\u00e3o (TCU) determinou a devolu\u00e7\u00e3o de R$ 10 bilh\u00f5es do fundo constitucional do DF, o governo federal come\u00e7ou a estudar o tema numa comiss\u00e3o formada por representantes do minist\u00e9rio da Economia, da Casa Civil, GDF e outros.<\/p>\n<h2><strong>\u2026 E outro no peixe<\/strong><\/h2>\n<p>Depois de anos ouvindo seus colegas na C\u00e2mara cobrarem uma nova reparti\u00e7\u00e3o dos recursos do fundo do DF que financia a \u00e1rea de seguran\u00e7a, sa\u00fade e educa\u00e7\u00e3o, o senador Izalci Lucas (PSDB-DF) pediu que nada seja feito sem que ele possa dar uma olhada.<\/p>\n<blockquote><p>\u201cEles n\u00e3o t\u00eam autoridade moral para apontar o dedo para o Brasil\u201d<\/p><\/blockquote>\n<p style=\"text-align: right\"><strong>Do general Eduardo Villas B\u00f4as, referindo-se \u00e0s cr\u00edticas vindas da Alemanha, Noruega e outros pa\u00edses sobre o manejo da Amaz\u00f4nia.<\/strong><\/p>\n<p><strong>Na base, tudo bem\/<\/strong> H\u00e1 tempos, os deputados n\u00e3o voltam t\u00e3o d\u00f3ceis para vota\u00e7\u00f5es. Explica-se: o governo liberou boa parte das emendas ao Or\u00e7amento. E acreditem: muitos parlamentares foram ao plen\u00e1rio dizer que, nas f\u00e9rias, foram cobrados pela aprova\u00e7\u00e3o da reforma.<\/p>\n<p><strong>Voto\/<\/strong> No papel de vice-l\u00edder do governo, o senador Izalci Lucas (PSDB-DF) \u00e9 considerado voto certo a favor da indica\u00e7\u00e3o de Eduardo Bolsonaro a embaixador do Brasil em Washington.<\/p>\n<p><strong>A volta dos Moreira Salles a Minas\/<\/strong> A secretaria de Educa\u00e7\u00e3o de Minas Gerais realiza sua primeira a\u00e7\u00e3o efetiva na \u00e1rea. Vai anunciar uma parceria com o Instituto Unibanco, que colocar\u00e1 \u00e0 disposi\u00e7\u00e3o do governo mineiro o projeto \u201cJovem de Futuro\u201d, j\u00e1 aplicado em escolas do Cear\u00e1, Piau\u00ed e Esp\u00edrito Santo.<\/p>\n<p><strong>A la Roberto Campos\/<\/strong> Ao falar por \u00faltimo num dos pain\u00e9is do Correio Debate, o ex-ministro da Fazenda Ma\u00edlson da N\u00f3brega: \u201cSer o \u00faltimo a falar nos d\u00e1 a sensa\u00e7\u00e3o de que tudo j\u00e1 foi dito. Meu amigo Roberto Campos sempre dizia que se sentia como o oitavo marido da Elizabeth Taylor na noite de n\u00fapcias: n\u00e3o vai ter novidade\u201d.<\/p>\n","protected":false},"excerpt":{"rendered":"<p>Coluna Bras\u00edlia-DF O primeiro semestre marcou uma tentativa de aproxima\u00e7\u00e3o maior dos partidos de centro com o governo, sem que o presidente Jair Bolsonaro buscasse, de fato, uma base pol\u00edtica para o que der e vier. Agora, entretanto, enquanto o pa\u00eds se distrai com as frases pol\u00eamicas do inquilino do Pal\u00e1cio da Alvorada, os pap\u00e9is prometem se inverter: o governo [&hellip;]<\/p>\n","protected":false},"author":29,"featured_media":3988,"comment_status":"closed","ping_status":"closed","sticky":false,"template":"","format":"standard","meta":{"footnotes":""},"categories":[4],"tags":[],"class_list":["post-3987","post","type-post","status-publish","format-standard","has-post-thumbnail","hentry","category-coluna-brasilia-df"],"_links":{"self":[{"href":"https:\/\/blogs.correiobraziliense.com.br\/denise\/wp-json\/wp\/v2\/posts\/3987","targetHints":{"allow":["GET"]}}],"collection":[{"href":"https:\/\/blogs.correiobraziliense.com.br\/denise\/wp-json\/wp\/v2\/posts"}],"about":[{"href":"https:\/\/blogs.correiobraziliense.com.br\/denise\/wp-json\/wp\/v2\/types\/post"}],"author":[{"embeddable":true,"href":"https:\/\/blogs.correiobraziliense.com.br\/denise\/wp-json\/wp\/v2\/users\/29"}],"replies":[{"embeddable":true,"href":"https:\/\/blogs.correiobraziliense.com.br\/denise\/wp-json\/wp\/v2\/comments?post=3987"}],"version-history":[{"count":1,"href":"https:\/\/blogs.correiobraziliense.com.br\/denise\/wp-json\/wp\/v2\/posts\/3987\/revisions"}],"predecessor-version":[{"id":3989,"href":"https:\/\/blogs.correiobraziliense.com.br\/denise\/wp-json\/wp\/v2\/posts\/3987\/revisions\/3989"}],"wp:featuredmedia":[{"embeddable":true,"href":"https:\/\/blogs.correiobraziliense.com.br\/denise\/wp-json\/wp\/v2\/media\/3988"}],"wp:attachment":[{"href":"https:\/\/blogs.correiobraziliense.com.br\/denise\/wp-json\/wp\/v2\/media?parent=3987"}],"wp:term":[{"taxonomy":"category","embeddable":true,"href":"https:\/\/blogs.correiobraziliense.com.br\/denise\/wp-json\/wp\/v2\/categories?post=3987"},{"taxonomy":"post_tag","embeddable":true,"href":"https:\/\/blogs.correiobraziliense.com.br\/denise\/wp-json\/wp\/v2\/tags?post=3987"}],"curies":[{"name":"wp","href":"https:\/\/api.w.org\/{rel}","templated":true}]}}