{"id":3967,"date":"2019-08-01T07:55:23","date_gmt":"2019-08-01T10:55:23","guid":{"rendered":"https:\/\/blogs.correiobraziliense.com.br\/denise\/?p=3967"},"modified":"2019-08-01T07:55:23","modified_gmt":"2019-08-01T10:55:23","slug":"declaracao-contra-presidente-da-oab-deixa-bolsonaro-entre-a-cruz-e-a-caldeirinha","status":"publish","type":"post","link":"https:\/\/blogs.correiobraziliense.com.br\/denise\/declaracao-contra-presidente-da-oab-deixa-bolsonaro-entre-a-cruz-e-a-caldeirinha\/","title":{"rendered":"Declara\u00e7\u00e3o contra presidente da OAB deixa Bolsonaro entre a cruz e a caldeirinha"},"content":{"rendered":"<h6><strong>Coluna Bras\u00edlia-DF\/ Por Leonardo Calvacanti<\/strong><\/h6>\n<p>Caso venha a ter de prestar esclarecimentos formais sobre a morte de Fernando Santa Cruz \u2014 pai do presidente da OAB, Felipe Santa Cruz \u2014, o presidente Jair Bolsonaro passar\u00e1 por dificuldades. O desgaste ser\u00e1 inevit\u00e1vel, segundo advogados ouvidos pelo Correio, com preju\u00edzos pol\u00edticos ou jur\u00eddicos. \u201cEle vai ter de escolher o caminho menos pior\u201d, disse \u00e0 coluna um jurista que acompanhou a feitura da a\u00e7\u00e3o impetrada no Supremo Tribunal Federal (STF) para que o capit\u00e3o reformado explique como recebeu informa\u00e7\u00f5es sobre o assassinato na ditadura.<\/p>\n<p>Das duas, uma. Ou Bolsonaro ter\u00e1 de dizer como coletou dados sobre a morte e os autores do assassinato de Fernando e, assim, explicar a raz\u00e3o de ter ocultado at\u00e9 o momento tais informa\u00e7\u00f5es \u2014 o que implicar\u00e1 um problema jur\u00eddico para ele \u2014 ou vai admitir que tudo n\u00e3o passou de uma \u201cconversa fiada\u201d, o que levar\u00e1 inevitavelmente a preju\u00edzos pol\u00edticos. O desgaste de um ou outro caminho a ser escolhido pelo presidente est\u00e1 no fato de ele ocupar a cadeira mais importante da Rep\u00fablica, na qual a responsabilidade \u00e9 regra de ouro.<\/p>\n<p>A escolha do ministro do Supremo Lu\u00eds Roberto Barroso como relator da interpela\u00e7\u00e3o de Felipe Santa Cruz foi comemorada por advogados que acompanham o caso. A explica\u00e7\u00e3o est\u00e1 no fato de o magistrado ser comprometido com causas ligadas aos direitos humanos. A expectativa \u00e9 de que Barroso acolha o pedido do presidente da OAB e pe\u00e7a, a partir da\u00ed, as explica\u00e7\u00f5es de Bolsonaro.<\/p>\n<h2>\n<strong>Sil\u00eancio de ouro<\/strong><\/h2>\n<p>A leitura feita no Parlamento \u00e9 de que, no momento, o melhor para o governo \u00e9 manter Bolsonaro de boca fechada, o que parece imposs\u00edvel. No Congresso, h\u00e1 clima favor\u00e1vel para apoiar formalmente o Executivo, com a constru\u00e7\u00e3o de base de apoio constitu\u00edda pela composi\u00e7\u00e3o de parte do Centr\u00e3o. O problema, criticam aliados, \u00e9 que as conversas est\u00e3o estagnadas. Sendo assim, o recesso parlamentar vai terminar com o governo sem uma tropa de choque para apoi\u00e1-lo. At\u00e9 que a base governista esteja formada, dizem que o melhor que Bolsonaro pode fazer \u00e9 ficar quieto.<\/p>\n<h2><strong>Sem tutela<\/strong><\/h2>\n<p>O trabalho para fazer Bolsonaro ficar em sil\u00eancio, no entanto, n\u00e3o tem sido simples. Assessores, ministros e demais conselheiros dizem que, embora ele reconhe\u00e7a que precisa dosar melhor o discurso, a fim de evitar um desconforto maior junto aos parlamentares, n\u00e3o quer ser tutelado em tudo. Uma independ\u00eancia que preocupa a c\u00fapula do Planalto.<\/p>\n<p><strong>Festa do arroz \/\/<\/strong> Ex-vice-l\u00edder do governo Michel Temer na C\u00e2mara dos Deputados, Beto Mansur (MDB) tem frequentado eventos pol\u00edticos promovidos pelos aliados do presidente Jair Bolsonaro. Foi assim ontem, durante a assinatura de concess\u00e3o de um trecho da ferrovia Norte\/Sul, em An\u00e1polis (GO). Ex-deputado e ex-prefeito de Santos (SP), Mansur fez quest\u00e3o de compartilhar fotos cochichando com Bolsonaro ao lado do governador de Goi\u00e1s, Ronaldo Caiado (DEM). Vale lembrar que, na mesma \u00e9poca do ano passado, a p\u00e1gina do Instagram do ent\u00e3o parlamentar era recheada de v\u00eddeos com Temer.<\/p>\n<p><strong>Recife falando para o mundo \/\/<\/strong> A candidatura do deputado federal Jo\u00e3o Campos (PSB) \u2014 filho do ex-governador Eduardo Campos \u2014 \u00e0 prefeitura do Recife \u00e9 um segredo de polichinelo. Jo\u00e3o n\u00e3o s\u00f3 \u00e9 concorrente, como tamb\u00e9m j\u00e1 tem advers\u00e1rios. Na disputa, est\u00e3o os tamb\u00e9m deputados federais Daniel Coelho (Cidadania) e Mar\u00edlia Arraes (PT), prima de Jo\u00e3o Campos. As chances de a sucess\u00e3o de Geraldo J\u00falio (PSB) ser uma guerra entre atuais integrantes da C\u00e2mara aumentam com as eventuais presen\u00e7as de T\u00falio Gadelha (PDT) e Raul Henry (MDB).<\/p>\n<p><strong>\u00cdndios \/\/<\/strong> Na Esplanda, os integrantes do alto escal\u00e3o arrumaram uma desculpa para se manter calados em rela\u00e7\u00e3o ao conflito entre \u00edndios e garimpeiros no Amap\u00e1. Enquanto a titular dos Direitos Humanos, Damares Alves, diz que n\u00e3o se manifesta por n\u00e3o estar \u00e0 frente da Funai, o chefe da Justi\u00e7a, S\u00e9rgio Moro, tem o argumento de que, pelo menos oficialmente, a funda\u00e7\u00e3o ainda n\u00e3o chegou \u00e0 pasta. A burocracia de Bras\u00edlia como escapadela.<\/p>\n<p><strong>Comemora\u00e7\u00e3o \/\/<\/strong> O presidente do Senado, Davi Alcolumbre, comemorou ontem o encerramento de dois inqu\u00e9ritos abertos contra ele nas elei\u00e7\u00f5es de 2014, quando venceu a elei\u00e7\u00e3o no Amap\u00e1. A ministra do Supremo Rosa Weber acolheu parecer do Minist\u00e9rio P\u00fablico e arquivou as investiga\u00e7\u00f5es sobre uso de documentos falsos na presta\u00e7\u00e3o de contas.<\/p>\n<p><em>Colaboraram Bernardo Bittar e Rodolfo Costa<\/em><\/p>\n","protected":false},"excerpt":{"rendered":"<p>Coluna Bras\u00edlia-DF\/ Por Leonardo Calvacanti Caso venha a ter de prestar esclarecimentos formais sobre a morte de Fernando Santa Cruz \u2014 pai do presidente da OAB, Felipe Santa Cruz \u2014, o presidente Jair Bolsonaro passar\u00e1 por dificuldades. O desgaste ser\u00e1 inevit\u00e1vel, segundo advogados ouvidos pelo Correio, com preju\u00edzos pol\u00edticos ou jur\u00eddicos. \u201cEle vai ter de escolher o caminho menos pior\u201d, [&hellip;]<\/p>\n","protected":false},"author":29,"featured_media":3968,"comment_status":"closed","ping_status":"closed","sticky":false,"template":"","format":"standard","meta":{"footnotes":""},"categories":[4],"tags":[],"class_list":["post-3967","post","type-post","status-publish","format-standard","has-post-thumbnail","hentry","category-coluna-brasilia-df"],"_links":{"self":[{"href":"https:\/\/blogs.correiobraziliense.com.br\/denise\/wp-json\/wp\/v2\/posts\/3967","targetHints":{"allow":["GET"]}}],"collection":[{"href":"https:\/\/blogs.correiobraziliense.com.br\/denise\/wp-json\/wp\/v2\/posts"}],"about":[{"href":"https:\/\/blogs.correiobraziliense.com.br\/denise\/wp-json\/wp\/v2\/types\/post"}],"author":[{"embeddable":true,"href":"https:\/\/blogs.correiobraziliense.com.br\/denise\/wp-json\/wp\/v2\/users\/29"}],"replies":[{"embeddable":true,"href":"https:\/\/blogs.correiobraziliense.com.br\/denise\/wp-json\/wp\/v2\/comments?post=3967"}],"version-history":[{"count":1,"href":"https:\/\/blogs.correiobraziliense.com.br\/denise\/wp-json\/wp\/v2\/posts\/3967\/revisions"}],"predecessor-version":[{"id":3969,"href":"https:\/\/blogs.correiobraziliense.com.br\/denise\/wp-json\/wp\/v2\/posts\/3967\/revisions\/3969"}],"wp:featuredmedia":[{"embeddable":true,"href":"https:\/\/blogs.correiobraziliense.com.br\/denise\/wp-json\/wp\/v2\/media\/3968"}],"wp:attachment":[{"href":"https:\/\/blogs.correiobraziliense.com.br\/denise\/wp-json\/wp\/v2\/media?parent=3967"}],"wp:term":[{"taxonomy":"category","embeddable":true,"href":"https:\/\/blogs.correiobraziliense.com.br\/denise\/wp-json\/wp\/v2\/categories?post=3967"},{"taxonomy":"post_tag","embeddable":true,"href":"https:\/\/blogs.correiobraziliense.com.br\/denise\/wp-json\/wp\/v2\/tags?post=3967"}],"curies":[{"name":"wp","href":"https:\/\/api.w.org\/{rel}","templated":true}]}}