{"id":3959,"date":"2019-07-30T08:15:07","date_gmt":"2019-07-30T11:15:07","guid":{"rendered":"https:\/\/blogs.correiobraziliense.com.br\/denise\/?p=3959"},"modified":"2019-07-30T08:15:07","modified_gmt":"2019-07-30T11:15:07","slug":"declaracao-de-bolsonaro-sobre-presidente-da-oab-constrange-delegados-da-pf","status":"publish","type":"post","link":"https:\/\/blogs.correiobraziliense.com.br\/denise\/declaracao-de-bolsonaro-sobre-presidente-da-oab-constrange-delegados-da-pf\/","title":{"rendered":"Declara\u00e7\u00e3o de Bolsonaro sobre presidente da OAB constrange delegados da PF"},"content":{"rendered":"<h6><strong>Coluna Bras\u00edlia-DF\/ Por Leonardo Calvacanti\u00a0<\/strong><\/h6>\n<p>A vergonhosa e tosca declara\u00e7\u00e3o de Jair Bolsonaro sobre o pai do presidente da Ordem dos Advogados do Brasil (OAB), Felipe Santa Cruz, \u00e9 um inc\u00f4modo duplo do capit\u00e3o reformado. O primeiro com o pr\u00f3prio chefe da entidade de classe, v\u00edtima de uma s\u00e9rie covarde de fake news divulgada por integrantes de tropas de bolsominions nas redes sociais h\u00e1 pelo menos dois anos.<\/p>\n<p>Tal inc\u00f4modo de Bolsonaro est\u00e1 relacionado com a\u00e7\u00f5es da OAB regional e nacional envolvendo declara\u00e7\u00f5es anteriores do pol\u00edtico do PSL, como as que enaltecem o covarde torturador Carlos Alberto Brilhante Ustra. Agora, vai se incomodar com mais uma: a pr\u00f3pria interpela\u00e7\u00e3o de Santa Cruz promete levar ao Supremo Tribunal Federal (STF) por causa da entrevista desassisada de ontem do presidente brasileiro.<\/p>\n<p>A segunda bronca de Bolsonaro \u00e9 com a investiga\u00e7\u00e3o da Pol\u00edcia Federal envolvendo Ad\u00e9lio Bispo, autor do ataque \u00e0 faca contra o ent\u00e3o candidato ao Pal\u00e1cio do Planalto, em 2018. O presidente n\u00e3o se convenceu com as apura\u00e7\u00f5es, que apontaram que o criminoso agiu de maneira solit\u00e1ria, ao contr\u00e1rio do que tentam fazer acreditar as redes de bolsominions, que associam a facada a uma a\u00e7\u00e3o pol\u00edtica mais ampla.<\/p>\n<p>N\u00e3o \u00e9 a primeira vez que Bolsonaro faz tal cobran\u00e7a, que se espalha entre os seguidores, deixando delegados numa situa\u00e7\u00e3o para l\u00e1 de constrangedora. No final de fevereiro, o capit\u00e3o reformado cobrou que a corpora\u00e7\u00e3o acelerasse a investiga\u00e7\u00e3o sobre o \u201cato terrorista\u201d. Na \u00e9poca, em mensagens privadas, policiais chegaram a dizer que o presidente perdeu a oportunidade de ficar calado.<\/p>\n<h2>\n<strong>Desconhecimento<\/strong><\/h2>\n<p>Apesar de dizer que sabe qual foi o destino de Fernando Augusto Santa Cruz de Oliveira, pai de Felipe, Bolsonaro n\u00e3o tem qualquer informa\u00e7\u00e3o. Mas, mesmo sem ter dados, pode ter que explicar no Supremo o que disse.<\/p>\n<h2>\n<strong>Moro e o sil\u00eancio<\/strong><\/h2>\n<p>H\u00e1 poucos sil\u00eancios t\u00e3o ensurdecedores quanto o do ministro da Justi\u00e7a, S\u00e9rgio Moro, com o epis\u00f3dio dos ataques de Bolsonaro \u00e0 mem\u00f3ria de um desaparecido pol\u00edtico, inclusive pela forma como foi feita, ao tentar constranger o filho, que na \u00e9poca tinha 2 anos. E aqui n\u00e3o est\u00e1 em jogo uma defesa ou um ataque ao presidente \u2014 o ex-juiz n\u00e3o faria tal coisa \u2014, mas qual \u00e9 mesmo a opini\u00e3o de Moro sobre a ditadura e as torturas. Seria bom saber tamb\u00e9m o que ele acha da investiga\u00e7\u00e3o da PF sobre Ad\u00e9lio.<\/p>\n<p><strong>Curtidas<\/strong><\/p>\n<p><strong>Um olho na seguran\u00e7a digital\u2026<\/strong>\/ A reforma tribut\u00e1ria ser\u00e1 a noiva da vez na C\u00e2mara, depois da aprova\u00e7\u00e3o em segundo turno da reforma da Previd\u00eancia. Por\u00e9m, como ainda n\u00e3o h\u00e1 consenso sobre \u201cqual\u201d mat\u00e9ria ser\u00e1 priorit\u00e1ria, um outro texto deve ganhar status de prioridade: o Projeto de Lei n\u00ba 2.303\/2015, que prev\u00ea a regulamenta\u00e7\u00e3o das criptomoedas no Brasil na defini\u00e7\u00e3o de \u201carranjos de pagamento\u201d, sob a supervis\u00e3o do Banco Central.<\/p>\n<p><strong>\u2026 com prioridade\u2026<\/strong>\/ A regulamenta\u00e7\u00e3o das criptomoedas \u00e9 um projeto pessoal do presidente da C\u00e2mara, Rodrigo Maia. Chegou a ser tratado como priorit\u00e1rio por ele enquanto a reforma da Previd\u00eancia ainda tramitava na Comiss\u00e3o Especial. E, depois das informa\u00e7\u00f5es de que ele tamb\u00e9m foi alvo de supostos hackers presos pela Pol\u00edcia Federal, pessoas pr\u00f3ximas dizem que a mat\u00e9ria ganhou ainda mais import\u00e2ncia. Afinal, \u00e9 comum os cibercriminosos serem remunerados ou fazerem transa\u00e7\u00f5es por meio dessas moedas digitais.<\/p>\n<p><strong>de Estado&#8230;\/<\/strong> O projeto das criptomoedas ser\u00e1 apreciado em uma comiss\u00e3o especial a partir do retorno das atividades parlamentares. O presidente do colegiado, Augustinho Ribeiro (SD-SE), tem sinal verde para acelerar o debate. \u201cO momento \u00e9 oportuno para debatermos o tema, com tudo o que acontece no pa\u00eds, tendo em vista que as moedas virtuais servem a criminosos, para que possam receber at\u00e9 pelo seu servi\u00e7o\u201d, sustenta.<\/p>\n<p><strong>\u2026 e outro olho na cybereconomia<\/strong>\/ O interesse do Parlamento na mat\u00e9ria, no entanto, n\u00e3o se refere apenas \u00e0 seguran\u00e7a. A regulamenta\u00e7\u00e3o das bitcoins pode valorizar bastante quem investe nas moedas digitais. E, quando se trata disso, n\u00e3o se fala apenas de hackers. Investidores e at\u00e9 mesmo alguns parlamentares t\u00eam interesse pessoal.<\/p>\n","protected":false},"excerpt":{"rendered":"<p>Coluna Bras\u00edlia-DF\/ Por Leonardo Calvacanti\u00a0 A vergonhosa e tosca declara\u00e7\u00e3o de Jair Bolsonaro sobre o pai do presidente da Ordem dos Advogados do Brasil (OAB), Felipe Santa Cruz, \u00e9 um inc\u00f4modo duplo do capit\u00e3o reformado. O primeiro com o pr\u00f3prio chefe da entidade de classe, v\u00edtima de uma s\u00e9rie covarde de fake news divulgada por integrantes de tropas de bolsominions [&hellip;]<\/p>\n","protected":false},"author":29,"featured_media":3917,"comment_status":"closed","ping_status":"closed","sticky":false,"template":"","format":"standard","meta":{"footnotes":""},"categories":[4],"tags":[],"class_list":["post-3959","post","type-post","status-publish","format-standard","has-post-thumbnail","hentry","category-coluna-brasilia-df"],"_links":{"self":[{"href":"https:\/\/blogs.correiobraziliense.com.br\/denise\/wp-json\/wp\/v2\/posts\/3959","targetHints":{"allow":["GET"]}}],"collection":[{"href":"https:\/\/blogs.correiobraziliense.com.br\/denise\/wp-json\/wp\/v2\/posts"}],"about":[{"href":"https:\/\/blogs.correiobraziliense.com.br\/denise\/wp-json\/wp\/v2\/types\/post"}],"author":[{"embeddable":true,"href":"https:\/\/blogs.correiobraziliense.com.br\/denise\/wp-json\/wp\/v2\/users\/29"}],"replies":[{"embeddable":true,"href":"https:\/\/blogs.correiobraziliense.com.br\/denise\/wp-json\/wp\/v2\/comments?post=3959"}],"version-history":[{"count":1,"href":"https:\/\/blogs.correiobraziliense.com.br\/denise\/wp-json\/wp\/v2\/posts\/3959\/revisions"}],"predecessor-version":[{"id":3960,"href":"https:\/\/blogs.correiobraziliense.com.br\/denise\/wp-json\/wp\/v2\/posts\/3959\/revisions\/3960"}],"wp:featuredmedia":[{"embeddable":true,"href":"https:\/\/blogs.correiobraziliense.com.br\/denise\/wp-json\/wp\/v2\/media\/3917"}],"wp:attachment":[{"href":"https:\/\/blogs.correiobraziliense.com.br\/denise\/wp-json\/wp\/v2\/media?parent=3959"}],"wp:term":[{"taxonomy":"category","embeddable":true,"href":"https:\/\/blogs.correiobraziliense.com.br\/denise\/wp-json\/wp\/v2\/categories?post=3959"},{"taxonomy":"post_tag","embeddable":true,"href":"https:\/\/blogs.correiobraziliense.com.br\/denise\/wp-json\/wp\/v2\/tags?post=3959"}],"curies":[{"name":"wp","href":"https:\/\/api.w.org\/{rel}","templated":true}]}}