{"id":3956,"date":"2019-07-29T08:08:26","date_gmt":"2019-07-29T11:08:26","guid":{"rendered":"https:\/\/blogs.correiobraziliense.com.br\/denise\/?p=3956"},"modified":"2019-07-29T08:08:26","modified_gmt":"2019-07-29T11:08:26","slug":"presidente-do-psl-comemora-possivel-ida-de-eduardo-bolsonaro-para-embaixada","status":"publish","type":"post","link":"https:\/\/blogs.correiobraziliense.com.br\/denise\/presidente-do-psl-comemora-possivel-ida-de-eduardo-bolsonaro-para-embaixada\/","title":{"rendered":"Presidente do PSL comemora poss\u00edvel ida de Eduardo Bolsonaro para embaixada"},"content":{"rendered":"<p><strong>Coluna Bras\u00edlia-DF\/Por Leonardo Calvacanti<\/strong><\/p>\n<p>A indica\u00e7\u00e3o de Eduardo Bolsonaro para a embaixada brasileira nos Estados Unidos, em Washington, n\u00e3o preocupa o presidente do PSL, Luciano Bivar. Pelo contr\u00e1rio. A pessoas pr\u00f3ximas, ele confidencia que v\u00ea at\u00e9 com bons olhos. N\u00e3o \u00e9 para menos. Para ser embaixador, o filho de Bolsonaro precisaria se desfiliar.<\/p>\n<p>Com isso, os recursos do fundo partid\u00e1rio que seriam destinados a ele ficariam com o partido. Se o Congresso aprovar a amplia\u00e7\u00e3o prometida para o fundo, o partido ter\u00e1 quase R$ 500 milh\u00f5es para as elei\u00e7\u00f5es de 2020. C\u00e1lculos internos apontam que os votos de Eduardo correspondem a 20% do fundo.<\/p>\n<p>Como esta coluna j\u00e1 mostrou, as chances de aprova\u00e7\u00e3o de Eduardo Bolsonaro, tanto na Comiss\u00e3o de Rela\u00e7\u00f5es Exteriores quanto no plen\u00e1rio, s\u00e3o enormes. As duas vota\u00e7\u00f5es s\u00e3o por maioria simples. H\u00e1 poucas possibilidades de os senadores recusarem um pedido pessoal do presidente \u2014 a crise aberta teria propor\u00e7\u00f5es inimagin\u00e1veis.<\/p>\n<p>O custo pol\u00edtico da aprova\u00e7\u00e3o de Eduardo Bolsonaro para a embaixada e da reforma da Previd\u00eancia no Senado vai implicar mudan\u00e7as na diretoria do Fundo Nacional de Desenvolvimento da Educa\u00e7\u00e3o (FNDE), \u00f3rg\u00e3o subordinado ao Minist\u00e9rio da Educa\u00e7\u00e3o, com or\u00e7amento de cerca de R$ 55 bilh\u00f5es. No Congresso, as informa\u00e7\u00f5es s\u00e3o de que o PP tem as digitais nesse processo. As indica\u00e7\u00f5es contam com o sinal verde do DEM, que preside as duas Casas no Parlamento.<\/p>\n<h2>\n<strong>Olho nas bases<\/strong><\/h2>\n<p>Boa parte dos deputados do PSL est\u00e1 nas respectivas bases eleitorais. Isso porque o partido se prepara para um dia nacional de filia\u00e7\u00f5es, em 17 de agosto. O problema \u00e9 que parlamentares criticam a desorganiza\u00e7\u00e3o. O evento ocorrer\u00e1 em diversos estados e em diferentes munic\u00edpios numa mesma unidade da Federa\u00e7\u00e3o, como no pr\u00f3prio Rio de Janeiro, que ter\u00e1 mais de um evento no estado.<\/p>\n<h2>\n<strong>Chamada final<\/strong><\/h2>\n<p>O prazo para a apresenta\u00e7\u00e3o de emendas \u00e0 reforma tribut\u00e1ria da C\u00e2mara termina logo no in\u00edcio de agosto. Com isso, h\u00e1 uma corrida contra o tempo para bolar sugest\u00f5es de aperfei\u00e7oamento do texto. No entanto, diferentemente da reforma da Previd\u00eancia, a aten\u00e7\u00e3o \u00e9 bem menor. Bom para aqueles que defendem o m\u00ednimo de modifica\u00e7\u00f5es na proposta de emenda \u00e0 Constitui\u00e7\u00e3o (PEC) 45\/2019.<\/p>\n<h2>\n<strong><em>CURTIDAS<\/em><\/strong><\/h2>\n<p>Generais \/\/ Em 5 de agosto, uma segunda-feira, os generais Alberto Cardoso e Eduardo Villas-Boas abrir\u00e3o o ciclo de di\u00e1logos do Instituto Hist\u00f3rico e Geogr\u00e1fico do Distrito Federal. O tema do evento \u00e9 a \u201cConstru\u00e7\u00e3o do pensamento pol\u00edtico do Brasil\u201d e ocorrer\u00e1 na sede do instituto a partir das 19h. Villas-Boas \u00e9 ex-comandante do Ex\u00e9rcito, e Cardoso, ex-chefe do GSI.<\/p>\n<p>Pr\u00eamio \/\/ Os vencedores do 16\u00ba Pr\u00eamio Engenho de Comunica\u00e7\u00e3o ser\u00e3o conhecidos em 5 de setembro durante cerim\u00f4nia na Embaixada de Portugal, em Bras\u00edlia. Criada em 2004, a premia\u00e7\u00e3o \u00e9 destinada a jornalistas e ve\u00edculos de comunica\u00e7\u00e3o da capital federal. \u201cOs jornalistas de Bras\u00edlia merecem uma premia\u00e7\u00e3o que destaque os servi\u00e7os que prestam a todos do pa\u00eds\u201d, diz a presidente do Pr\u00eamio Engenho e criadora da premia\u00e7\u00e3o, K\u00e1tia Cubel.<\/p>\n<p>Debate \/\/ O <strong>Correio<\/strong> realizar\u00e1, em 6 de agosto, das 9h \u00e0s 14h, o debate <em>Como fazer os juros ca\u00edrem no Brasil<\/em>. O evento reunir\u00e1 alguns dos maiores especialistas no assunto. Para participar, basta se inscrever, gratuitamente, pelo site: <a href=\"http:\/\/www.correiobraziliense.com.br\/correiodebate\/juros\">www.correiobraziliense.com.br\/correiodebate\/juros<\/a>. As vagas s\u00e3o limitadas.<\/p>\n<p><em><strong>Colaborou Rodolfo Costa<\/strong><\/em><\/p>\n","protected":false},"excerpt":{"rendered":"<p>Coluna Bras\u00edlia-DF\/Por Leonardo Calvacanti A indica\u00e7\u00e3o de Eduardo Bolsonaro para a embaixada brasileira nos Estados Unidos, em Washington, n\u00e3o preocupa o presidente do PSL, Luciano Bivar. Pelo contr\u00e1rio. A pessoas pr\u00f3ximas, ele confidencia que v\u00ea at\u00e9 com bons olhos. N\u00e3o \u00e9 para menos. Para ser embaixador, o filho de Bolsonaro precisaria se desfiliar. Com isso, os recursos do fundo partid\u00e1rio [&hellip;]<\/p>\n","protected":false},"author":29,"featured_media":3957,"comment_status":"closed","ping_status":"closed","sticky":false,"template":"","format":"standard","meta":{"footnotes":""},"categories":[4],"tags":[138,146,38],"class_list":["post-3956","post","type-post","status-publish","format-standard","has-post-thumbnail","hentry","category-coluna-brasilia-df","tag-eduardo-bolsonaro","tag-luciano-bivar","tag-psl"],"_links":{"self":[{"href":"https:\/\/blogs.correiobraziliense.com.br\/denise\/wp-json\/wp\/v2\/posts\/3956","targetHints":{"allow":["GET"]}}],"collection":[{"href":"https:\/\/blogs.correiobraziliense.com.br\/denise\/wp-json\/wp\/v2\/posts"}],"about":[{"href":"https:\/\/blogs.correiobraziliense.com.br\/denise\/wp-json\/wp\/v2\/types\/post"}],"author":[{"embeddable":true,"href":"https:\/\/blogs.correiobraziliense.com.br\/denise\/wp-json\/wp\/v2\/users\/29"}],"replies":[{"embeddable":true,"href":"https:\/\/blogs.correiobraziliense.com.br\/denise\/wp-json\/wp\/v2\/comments?post=3956"}],"version-history":[{"count":1,"href":"https:\/\/blogs.correiobraziliense.com.br\/denise\/wp-json\/wp\/v2\/posts\/3956\/revisions"}],"predecessor-version":[{"id":3958,"href":"https:\/\/blogs.correiobraziliense.com.br\/denise\/wp-json\/wp\/v2\/posts\/3956\/revisions\/3958"}],"wp:featuredmedia":[{"embeddable":true,"href":"https:\/\/blogs.correiobraziliense.com.br\/denise\/wp-json\/wp\/v2\/media\/3957"}],"wp:attachment":[{"href":"https:\/\/blogs.correiobraziliense.com.br\/denise\/wp-json\/wp\/v2\/media?parent=3956"}],"wp:term":[{"taxonomy":"category","embeddable":true,"href":"https:\/\/blogs.correiobraziliense.com.br\/denise\/wp-json\/wp\/v2\/categories?post=3956"},{"taxonomy":"post_tag","embeddable":true,"href":"https:\/\/blogs.correiobraziliense.com.br\/denise\/wp-json\/wp\/v2\/tags?post=3956"}],"curies":[{"name":"wp","href":"https:\/\/api.w.org\/{rel}","templated":true}]}}