{"id":3953,"date":"2019-07-26T08:06:30","date_gmt":"2019-07-26T11:06:30","guid":{"rendered":"https:\/\/blogs.correiobraziliense.com.br\/denise\/?p=3953"},"modified":"2019-07-26T08:32:58","modified_gmt":"2019-07-26T11:32:58","slug":"procuradores-querem-saber-por-que-so-as-mensagens-da-lava-jato-foram-divulgadas","status":"publish","type":"post","link":"https:\/\/blogs.correiobraziliense.com.br\/denise\/procuradores-querem-saber-por-que-so-as-mensagens-da-lava-jato-foram-divulgadas\/","title":{"rendered":"Procuradores querem saber por que s\u00f3 as mensagens da Lava-Jato foram divulgadas"},"content":{"rendered":"<h6><strong>Coluna Bras\u00edlia-DF<\/strong><\/h6>\n<p>A extens\u00e3o dos telefones hackeados pelos presos na opera\u00e7\u00e3o Spoofing mostra que o ministro da Justi\u00e7a, S\u00e9rgio Moro, ganhou f\u00f4lego. Uma coisa era uma a\u00e7\u00e3o centralizada nos integrantes da for\u00e7a-tarefa da Lava-Jato em Curitiba \u2014 entre descuidos e troca de informa\u00e7\u00f5es sobre o processo, as imagens do ex-juiz e do procurador Deltan Dallagnol se desconstru\u00edam dia a dia.<\/p>\n<p>Com as revela\u00e7\u00f5es de ontem e com parte da Rep\u00fablica hackeada, Moro agora tem com ele personagens dos Tr\u00eas Poderes na defesa da pr\u00f3pria narrativa: a de que a divulga\u00e7\u00e3o das conversas foi feita a partir de um crime. Ele conta com o trunfo da identifica\u00e7\u00e3o dos hackers e o aprofundamento das investiga\u00e7\u00f5es da Pol\u00edcia Federal.<\/p>\n<p>O ministro terminou o dia de ontem melhor do que come\u00e7ou, ganhando tanta confian\u00e7a que fechou o expediente com uma esp\u00e9cie de pito do ministro do Supremo Marco Aur\u00e9lio Mello. O magistrado disse \u00e0 Folha e ao Correio que apenas o Judici\u00e1rio poder\u00e1 decidir se as mensagens apreendidas com os hackers ser\u00e3o destru\u00eddas, ao contr\u00e1rio do que havia dito o ex-juiz a autoridades.<\/p>\n<p>Por sua vez, os procuradores da Lava-Jato em Curitiba ficaram surpresos ao saber do alcance da quadrilha de hackers que atacou. Agora, a expectativa deles \u00e9 de que a investiga\u00e7\u00e3o esclare\u00e7a se houve patrocinador para que o servi\u00e7o come\u00e7asse e continuasse. Os procuradores esperam ainda que seja esclarecido por que a divulga\u00e7\u00e3o estava concentrada exclusivamente nos procuradores e no ex-juiz da Lava-Jato.<\/p>\n<p><strong>Perd\u00e3o nordestino \/<\/strong> As cr\u00edticas e afagos de Jair Bolsonaro ao Nordeste est\u00e3o, pouco a pouco, sendo digeridas no Congresso. Sobretudo por parlamentares da Para\u00edba e do Maranh\u00e3o. O l\u00edder do PL, Wellington Roberto (PB), avalia que o presidente foi infeliz, mas sugere que, se h\u00e1 uma inten\u00e7\u00e3o de se redimir e mostrar que n\u00e3o tem preconceitos, pode fazer isso liberando emendas parlamentares para sa\u00fade e educa\u00e7\u00e3o. O l\u00edder do PTB, Pedro Lucas Fernandes (MA), concorda. \u201c\u00c9 uma oportunidade de levar mais pol\u00edticas p\u00fablicas \u00e0 regi\u00e3o.\u201d<\/p>\n<p><strong>Problema \u00e0 vista \/<\/strong> A libera\u00e7\u00e3o de emendas, no entanto, esbarra na conclus\u00e3o do Projeto de Lei do Congresso Nacional (PLN) que pedir\u00e1 mais um cr\u00e9dito suplementar para quitar os compromissos. A quest\u00e3o \u00e9 que o governo ainda n\u00e3o concluiu o texto. L\u00edderes partid\u00e1rios que, inclusive, se encontram em Bras\u00edlia em pleno recesso parlamentar, sustentam que n\u00e3o foram chamados para tomar conhecimento da proposta \u2014 uma exig\u00eancia para a vota\u00e7\u00e3o do segundo turno da reforma<br \/>\nda Previd\u00eancia.<\/p>\n<p><strong>Na crista da onda \/<\/strong> A demora para apresentar o PLN gerou b\u00f4nus ao l\u00edder do governo na C\u00e2mara, Major Vitor Hugo (PSL-GO). Afinal, o compromisso em apresentar o cr\u00e9dito suplementar foi feito pela l\u00edder do governo no Congresso, Joice Hasselmann (PSL-SP), e pelo ministro-chefe da Casa Civil, Onyx Lorenzoni. Pelo simples fato de n\u00e3o ter prometido a libera\u00e7\u00e3o de emendas, Vitor Hugo est\u00e1 com moral elevada junto aos demais l\u00edderes.<\/p>\n<p><strong>Lamento de Temer \/<\/strong> O ex-presidente Michel Temer ficou abalado com a hemorragia cerebral sofrida por Eliseu Padilha, ex-ministro-chefe da Casa Civil. Os dois s\u00e3o amigos h\u00e1 mais de 30 anos. No partido, Padilha toca a Funda\u00e7\u00e3o Ulysses Guimar\u00e3es como vice-presidente, fazendo cursos e preparando a pr\u00f3xima safra de pol\u00edticos da legenda. A aus\u00eancia do pol\u00edtico no per\u00edodo que estiver hospitalizado abre espa\u00e7o para a disputa de poder entre caciques.<\/p>\n","protected":false},"excerpt":{"rendered":"<p>Coluna Bras\u00edlia-DF A extens\u00e3o dos telefones hackeados pelos presos na opera\u00e7\u00e3o Spoofing mostra que o ministro da Justi\u00e7a, S\u00e9rgio Moro, ganhou f\u00f4lego. Uma coisa era uma a\u00e7\u00e3o centralizada nos integrantes da for\u00e7a-tarefa da Lava-Jato em Curitiba \u2014 entre descuidos e troca de informa\u00e7\u00f5es sobre o processo, as imagens do ex-juiz e do procurador Deltan Dallagnol se desconstru\u00edam dia a dia. [&hellip;]<\/p>\n","protected":false},"author":29,"featured_media":2848,"comment_status":"closed","ping_status":"closed","sticky":false,"template":"","format":"standard","meta":{"footnotes":""},"categories":[4],"tags":[],"class_list":["post-3953","post","type-post","status-publish","format-standard","has-post-thumbnail","hentry","category-coluna-brasilia-df"],"_links":{"self":[{"href":"https:\/\/blogs.correiobraziliense.com.br\/denise\/wp-json\/wp\/v2\/posts\/3953","targetHints":{"allow":["GET"]}}],"collection":[{"href":"https:\/\/blogs.correiobraziliense.com.br\/denise\/wp-json\/wp\/v2\/posts"}],"about":[{"href":"https:\/\/blogs.correiobraziliense.com.br\/denise\/wp-json\/wp\/v2\/types\/post"}],"author":[{"embeddable":true,"href":"https:\/\/blogs.correiobraziliense.com.br\/denise\/wp-json\/wp\/v2\/users\/29"}],"replies":[{"embeddable":true,"href":"https:\/\/blogs.correiobraziliense.com.br\/denise\/wp-json\/wp\/v2\/comments?post=3953"}],"version-history":[{"count":2,"href":"https:\/\/blogs.correiobraziliense.com.br\/denise\/wp-json\/wp\/v2\/posts\/3953\/revisions"}],"predecessor-version":[{"id":3955,"href":"https:\/\/blogs.correiobraziliense.com.br\/denise\/wp-json\/wp\/v2\/posts\/3953\/revisions\/3955"}],"wp:featuredmedia":[{"embeddable":true,"href":"https:\/\/blogs.correiobraziliense.com.br\/denise\/wp-json\/wp\/v2\/media\/2848"}],"wp:attachment":[{"href":"https:\/\/blogs.correiobraziliense.com.br\/denise\/wp-json\/wp\/v2\/media?parent=3953"}],"wp:term":[{"taxonomy":"category","embeddable":true,"href":"https:\/\/blogs.correiobraziliense.com.br\/denise\/wp-json\/wp\/v2\/categories?post=3953"},{"taxonomy":"post_tag","embeddable":true,"href":"https:\/\/blogs.correiobraziliense.com.br\/denise\/wp-json\/wp\/v2\/tags?post=3953"}],"curies":[{"name":"wp","href":"https:\/\/api.w.org\/{rel}","templated":true}]}}