{"id":3949,"date":"2019-07-25T07:58:20","date_gmt":"2019-07-25T10:58:20","guid":{"rendered":"https:\/\/blogs.correiobraziliense.com.br\/denise\/?p=3949"},"modified":"2019-07-25T07:58:20","modified_gmt":"2019-07-25T10:58:20","slug":"decisao-de-toffoli-limita-trabalho-da-pf-em-acao-contra-hackers","status":"publish","type":"post","link":"https:\/\/blogs.correiobraziliense.com.br\/denise\/decisao-de-toffoli-limita-trabalho-da-pf-em-acao-contra-hackers\/","title":{"rendered":"Decis\u00e3o de Toffoli limita trabalho da PF em a\u00e7\u00e3o contra hackers"},"content":{"rendered":"<h6>Coluna Bras\u00edlia-DF\/Por Leonardo Calvacanti<\/h6>\n<p>A decis\u00e3o do ministro Dias Toffoli, que pro\u00edbe a continuidade de investiga\u00e7\u00f5es que utilizem dados de Coaf, Receita e Banco Central sem autoriza\u00e7\u00e3o da Justi\u00e7a, limitou o trabalho da PF no caso dos hackers.<\/p>\n<p>Os investigadores cogitaram abortar as dilig\u00eancias at\u00e9 que o tema fosse analisado pelo plen\u00e1rio do STF. No entanto, as equipes decidiram evitar avan\u00e7ar em detalhes das transa\u00e7\u00f5es financeiras para n\u00e3o entrar em choque com a determina\u00e7\u00e3o do ministro.<\/p>\n<p>Ficou decidido que as movimenta\u00e7\u00f5es mensais nas contas dos acusados eram estranhas o suficiente para motivar um pedido de pris\u00e3o na Justi\u00e7a. A avalia\u00e7\u00e3o de momento \u00e9 de que o trabalho ainda poder\u00e1 ser prejudicado caso o STF mantenha o entendimento de Toffoli.<\/p>\n<p>&nbsp;<\/p>\n","protected":false},"excerpt":{"rendered":"<p>Coluna Bras\u00edlia-DF\/Por Leonardo Calvacanti A decis\u00e3o do ministro Dias Toffoli, que pro\u00edbe a continuidade de investiga\u00e7\u00f5es que utilizem dados de Coaf, Receita e Banco Central sem autoriza\u00e7\u00e3o da Justi\u00e7a, limitou o trabalho da PF no caso dos hackers. Os investigadores cogitaram abortar as dilig\u00eancias at\u00e9 que o tema fosse analisado pelo plen\u00e1rio do STF. No entanto, as equipes decidiram evitar [&hellip;]<\/p>\n","protected":false},"author":29,"featured_media":2607,"comment_status":"closed","ping_status":"closed","sticky":false,"template":"","format":"standard","meta":{"footnotes":""},"categories":[4],"tags":[],"class_list":["post-3949","post","type-post","status-publish","format-standard","has-post-thumbnail","hentry","category-coluna-brasilia-df"],"_links":{"self":[{"href":"https:\/\/blogs.correiobraziliense.com.br\/denise\/wp-json\/wp\/v2\/posts\/3949","targetHints":{"allow":["GET"]}}],"collection":[{"href":"https:\/\/blogs.correiobraziliense.com.br\/denise\/wp-json\/wp\/v2\/posts"}],"about":[{"href":"https:\/\/blogs.correiobraziliense.com.br\/denise\/wp-json\/wp\/v2\/types\/post"}],"author":[{"embeddable":true,"href":"https:\/\/blogs.correiobraziliense.com.br\/denise\/wp-json\/wp\/v2\/users\/29"}],"replies":[{"embeddable":true,"href":"https:\/\/blogs.correiobraziliense.com.br\/denise\/wp-json\/wp\/v2\/comments?post=3949"}],"version-history":[{"count":1,"href":"https:\/\/blogs.correiobraziliense.com.br\/denise\/wp-json\/wp\/v2\/posts\/3949\/revisions"}],"predecessor-version":[{"id":3952,"href":"https:\/\/blogs.correiobraziliense.com.br\/denise\/wp-json\/wp\/v2\/posts\/3949\/revisions\/3952"}],"wp:featuredmedia":[{"embeddable":true,"href":"https:\/\/blogs.correiobraziliense.com.br\/denise\/wp-json\/wp\/v2\/media\/2607"}],"wp:attachment":[{"href":"https:\/\/blogs.correiobraziliense.com.br\/denise\/wp-json\/wp\/v2\/media?parent=3949"}],"wp:term":[{"taxonomy":"category","embeddable":true,"href":"https:\/\/blogs.correiobraziliense.com.br\/denise\/wp-json\/wp\/v2\/categories?post=3949"},{"taxonomy":"post_tag","embeddable":true,"href":"https:\/\/blogs.correiobraziliense.com.br\/denise\/wp-json\/wp\/v2\/tags?post=3949"}],"curies":[{"name":"wp","href":"https:\/\/api.w.org\/{rel}","templated":true}]}}