{"id":3948,"date":"2019-07-25T07:56:40","date_gmt":"2019-07-25T10:56:40","guid":{"rendered":"https:\/\/blogs.correiobraziliense.com.br\/denise\/?p=3948"},"modified":"2019-07-25T07:56:40","modified_gmt":"2019-07-25T10:56:40","slug":"ha-poucos-elementos-para-relacionar-prisao-de-hackers-a-dialogos-do-intercept","status":"publish","type":"post","link":"https:\/\/blogs.correiobraziliense.com.br\/denise\/ha-poucos-elementos-para-relacionar-prisao-de-hackers-a-dialogos-do-intercept\/","title":{"rendered":"H\u00e1 poucos elementos para relacionar pris\u00e3o de hackers a di\u00e1logos do Intercept"},"content":{"rendered":"<h6><strong>Coluna Bras\u00edlia-DF\/Por Leonardo Calvacanti (interino)<\/strong><\/h6>\n<p>Ainda h\u00e1 poucos elementos \u2014 pelo menos at\u00e9 aqui \u2014 para se chegar a uma rela\u00e7\u00e3o entre os hackers presos na opera\u00e7\u00e3o da Pol\u00edcia Federal e o vazamento das conversas entre os procuradores da Lava-Jato e o ministro da Justi\u00e7a, S\u00e9rgio Moro.<\/p>\n<p>Nada mais f\u00e9rtil no terreno das especula\u00e7\u00f5es de Bras\u00edlia do que incertezas e pouca informa\u00e7\u00e3o. Depois da a\u00e7\u00e3o da PF, o que se viu foi uma guerra de narrativas, a come\u00e7ar pelo pr\u00f3prio ex-juiz.<\/p>\n<p>No in\u00edcio da tarde, pelo Twitter, Moro, ao parabenizar a Pol\u00edcia Federal, num texto enviesado, escreveu: \u201cPessoas com antecedentes criminais, envolvidas em v\u00e1rias esp\u00e9cies de crimes. Elas, a fonte de confian\u00e7a daqueles que divulgaram as supostas mensagens obtidas por crime\u201d.<\/p>\n<p>A quest\u00e3o \u00e9 \u2014 tirando o fato de que o ministro pode ter maiores informa\u00e7\u00f5es sobre as pris\u00f5es \u2014 que a rela\u00e7\u00e3o entre a a\u00e7\u00e3o da Pol\u00edcia Federal e o conte\u00fado divulgado pelo site Intercept ainda \u00e9 imposs\u00edvel de ser estabelecida, por absoluta falta de elementos.<\/p>\n<p>Mas, a\u00ed entra a outra narrativa, a de que h\u00e1 uma cortina de fuma\u00e7a e \u201cbodes expiat\u00f3rios\u201d foram presos para que se achem culpados pelo vazamento. Nos bastidores, quem acompanhou a investiga\u00e7\u00e3o garante que nem tanto ao mar nem tanto \u00e0 terra. Uma coisa \u00e9 ter achado, numa opera\u00e7\u00e3o de sucesso, os hackers que invadiram o celular de Moro, outra \u00e9 fazer uma liga\u00e7\u00e3o com o vazamento da Lava-Jato.<\/p>\n<h2>\n<strong>Gato escaldado&#8230;<\/strong><\/h2>\n<p>Assim como nas investiga\u00e7\u00f5es envolvendo Ad\u00e9lio Bispo de Oliveira \u2014 em que os delegados se sentiram pressionados pelo presidente Jair Bolsonaro a encontrar uma conex\u00e3o mais ampla para o atentado \u2014, a turma da Pol\u00edcia Federal agora tenta se blindar de interfer\u00eancias pol\u00edticas no caso dos hackers. O receio \u00e9 de que se aumente a tens\u00e3o para chegar de qualquer forma a uma rela\u00e7\u00e3o com os vazamentos das conversas do pessoal da for\u00e7a-tarefa da Lava-Jato.<\/p>\n<p><strong>Luz ao fim do t\u00fanel \/<\/strong> Nem tudo est\u00e1 perdido para o governo. O deputado Arthur Lira (PP-AL), l\u00edder da legenda na C\u00e2mara, brigou com o presidente da C\u00e2mara, Rodrigo Maia, na vota\u00e7\u00e3o da Previd\u00eancia. O demista iniciou a vota\u00e7\u00e3o da mat\u00e9ria \u00e0 revelia do pepista.<\/p>\n<p>N\u00e3o pegou bem, e o l\u00edder iniciou o recesso parlamentar na bronca. Dentro do partido, parlamentares dizem que \u00e9 chegada a hora de o PP comandar movimento de composi\u00e7\u00e3o de parte do Centr\u00e3o com o governo.<\/p>\n<p><strong>Cad\u00ea a base? \/<\/strong> A solenidade do Saque Certo, a\u00e7\u00e3o governista que vai injetar R$ 30 bilh\u00f5es na economia em 2019 via saques do FGTS, foi prestigiada por uma boa quantidade de colaboradores da Caixa, por secret\u00e1rios e representantes do Minist\u00e9rio da Economia e\u2026 por 10 deputados.<\/p>\n<p>Era esse o n\u00famero de cadeiras reservadas aos parlamentares. Mesmo em per\u00edodo de recesso, a leitura de alguns \u00e9 de que faltou mais engajamento da articula\u00e7\u00e3o pol\u00edtica do governo. Afinal, trata-se de uma MP, que ainda precisar\u00e1 ser aprovada pelo Congresso.<\/p>\n<p><strong>Direito \/<\/strong> F\u00e1bio Medina Os\u00f3rio, ex-advogado-geral da Uni\u00e3o, se tornou o novo e primeiro presidente da Comiss\u00e3o Especial de Direito Administrativo Sancionador da OAB nacional.<\/p>\n","protected":false},"excerpt":{"rendered":"<p>Coluna Bras\u00edlia-DF\/Por Leonardo Calvacanti (interino) Ainda h\u00e1 poucos elementos \u2014 pelo menos at\u00e9 aqui \u2014 para se chegar a uma rela\u00e7\u00e3o entre os hackers presos na opera\u00e7\u00e3o da Pol\u00edcia Federal e o vazamento das conversas entre os procuradores da Lava-Jato e o ministro da Justi\u00e7a, S\u00e9rgio Moro. Nada mais f\u00e9rtil no terreno das especula\u00e7\u00f5es de Bras\u00edlia do que incertezas e [&hellip;]<\/p>\n","protected":false},"author":29,"featured_media":3950,"comment_status":"closed","ping_status":"closed","sticky":false,"template":"","format":"standard","meta":{"footnotes":""},"categories":[4],"tags":[],"class_list":["post-3948","post","type-post","status-publish","format-standard","has-post-thumbnail","hentry","category-coluna-brasilia-df"],"_links":{"self":[{"href":"https:\/\/blogs.correiobraziliense.com.br\/denise\/wp-json\/wp\/v2\/posts\/3948","targetHints":{"allow":["GET"]}}],"collection":[{"href":"https:\/\/blogs.correiobraziliense.com.br\/denise\/wp-json\/wp\/v2\/posts"}],"about":[{"href":"https:\/\/blogs.correiobraziliense.com.br\/denise\/wp-json\/wp\/v2\/types\/post"}],"author":[{"embeddable":true,"href":"https:\/\/blogs.correiobraziliense.com.br\/denise\/wp-json\/wp\/v2\/users\/29"}],"replies":[{"embeddable":true,"href":"https:\/\/blogs.correiobraziliense.com.br\/denise\/wp-json\/wp\/v2\/comments?post=3948"}],"version-history":[{"count":1,"href":"https:\/\/blogs.correiobraziliense.com.br\/denise\/wp-json\/wp\/v2\/posts\/3948\/revisions"}],"predecessor-version":[{"id":3951,"href":"https:\/\/blogs.correiobraziliense.com.br\/denise\/wp-json\/wp\/v2\/posts\/3948\/revisions\/3951"}],"wp:featuredmedia":[{"embeddable":true,"href":"https:\/\/blogs.correiobraziliense.com.br\/denise\/wp-json\/wp\/v2\/media\/3950"}],"wp:attachment":[{"href":"https:\/\/blogs.correiobraziliense.com.br\/denise\/wp-json\/wp\/v2\/media?parent=3948"}],"wp:term":[{"taxonomy":"category","embeddable":true,"href":"https:\/\/blogs.correiobraziliense.com.br\/denise\/wp-json\/wp\/v2\/categories?post=3948"},{"taxonomy":"post_tag","embeddable":true,"href":"https:\/\/blogs.correiobraziliense.com.br\/denise\/wp-json\/wp\/v2\/tags?post=3948"}],"curies":[{"name":"wp","href":"https:\/\/api.w.org\/{rel}","templated":true}]}}