{"id":3945,"date":"2019-07-24T08:30:52","date_gmt":"2019-07-24T11:30:52","guid":{"rendered":"https:\/\/blogs.correiobraziliense.com.br\/denise\/?p=3945"},"modified":"2019-07-24T08:30:52","modified_gmt":"2019-07-24T11:30:52","slug":"os-efeitos-da-estrategia-de-bolsonaro-no-nordeste","status":"publish","type":"post","link":"https:\/\/blogs.correiobraziliense.com.br\/denise\/os-efeitos-da-estrategia-de-bolsonaro-no-nordeste\/","title":{"rendered":"Os efeitos da estrat\u00e9gia de Bolsonaro no Nordeste"},"content":{"rendered":"<h6><strong>Coluna Bras\u00edlia-DF\/ Por Leonardo Calvacanti (interino)<\/strong><\/h6>\n<p>Por mais desastrosa que a declara\u00e7\u00e3o de Jair Bolsonaro sobre nordestinos possa ter sido, a aus\u00eancia do governador da Bahia, Rui Costa (PT), na inaugura\u00e7\u00e3o do aeroporto de Vit\u00f3ria da Conquista, levou estrategistas do Planalto a comemorarem.<\/p>\n<p>A estrat\u00e9gia do pessoal que entrou em campo para gerenciar a crise aberta pelo pr\u00f3prio capit\u00e3o reformado foi posta em pr\u00e1tica na manh\u00e3 de ontem e se limitava ao contraponto entre Bolsonaro e os chefes dos executivos regionais de oposi\u00e7\u00e3o.<\/p>\n<p>Como ficou ao lado de aliados e de uma claque de convidados, e sem a presen\u00e7a de Costa, o presidente tentou se defender. Ganhou espa\u00e7o nas tev\u00eas e na internet.<\/p>\n<p>Agora, \u00e9 esperar as pesquisas de opini\u00e3o para avaliar qual o tamanho do desgaste com a declara\u00e7\u00e3o de Bolsonaro.<\/p>\n<p>A avalia\u00e7\u00e3o no n\u00facleo do PT \u2014 incluindo a\u00ed o senador Jaques Wagner (BA) \u2014 \u00e9 a de que Costa delimitou espa\u00e7o e isolou o presidente.<\/p>\n<p>A popularidade do petista est\u00e1 em alta no estado, a ponto de um v\u00eddeo postado por ele para explicar a aus\u00eancia ter ganhado visibilidade nas redes.<\/p>\n<p>Costa acusou o Planalto de ter selecionado os convidados, deixando a popula\u00e7\u00e3o de fora do evento. Tamb\u00e9m exaltou as administra\u00e7\u00f5es passadas, como a de Dilma Rousseff, respons\u00e1veis pela maior parte das obras.<\/p>\n<h2>\n<strong>Verifica\u00e7\u00e3o I<\/strong><\/h2>\n<p>Segundo monitoramento da Levels Intelig\u00eancia em Rela\u00e7\u00f5es Governamentais, nas redes sociais, as mensagens geradas por grupos favor\u00e1veis a Bolsonaro representaram 57% do monitoramento; em usu\u00e1rios \u00fanicos, esse n\u00famero se manteve est\u00e1vel, 55%.<\/p>\n<p>A narrativa de maior abrang\u00eancia na rede tra\u00e7ou cr\u00edticas gen\u00e9ricas aos grupos que estariam se opondo ao presidente, 35%.<\/p>\n<p>Mensagens em defesa das cr\u00edticas dele a governadores nordestinos ocuparam 10%, e repercutiram principalmente tu\u00edtes do pr\u00f3prio presidente e de sua equipe de governo, com destaque para o ministro S\u00e9rgio Moro.<\/p>\n<h2>\n<strong>Verifica\u00e7\u00e3o II<\/strong><\/h2>\n<p>As narrativas contr\u00e1rias \u00e0 declara\u00e7\u00e3o do presidente repercutiram em 43% da rede monitorada. Quando analisada em usu\u00e1rios \u00fanicos, a porcentagem desse grupo subiu para 45% da rede. A rede critica o chefe do Executivo por sua rela\u00e7\u00e3o com o Nordeste.<\/p>\n<p>Para 28%, ele apresenta um hist\u00f3rico de suposto descaso com a regi\u00e3o, tendo em vista que sua primeira viagem oficial ao Nordeste ocorreu em maio, cinco meses ap\u00f3s a posse.<\/p>\n<p>As postagens enfatizaram o car\u00e1ter preconceituoso das falas do capit\u00e3o, 4%, e questionam se esta pol\u00eamica pode dificultar a aprova\u00e7\u00e3o da reforma da Previd\u00eancia, que ser\u00e1 votada em segundo turno em agosto.<\/p>\n<h2>\n<strong>Alertas<\/strong><\/h2>\n<p>Segundo os analistas da Levels, a estrat\u00e9gia de comunica\u00e7\u00e3o do presidente \u00e9 assertiva em mobilizar sua rede, mas perpetua a forte polariza\u00e7\u00e3o que tem marcado o debate pol\u00edtico, al\u00e9m de n\u00e3o fortalecer a narrativa de que governadores de oposi\u00e7\u00e3o t\u00eam prejudicado o desenvolvimento do Nordeste.<\/p>\n<p>\u201cNesse sentido, as vis\u00f5es regionalistas t\u00eam maior abrang\u00eancia, destacando o car\u00e1ter preconceituoso das falas do presidente, dificultando ainda mais a entrada de Bolsonaro na regi\u00e3o.\u201d<\/p>\n<p><strong>O problema\u2026 \/\/<\/strong> Bolsonaro vai ter que se esfor\u00e7ar mais para ganhar o prest\u00edgio de lideran\u00e7as do Nordeste do que os afagos dados na cerim\u00f4nia de ontem, na Bahia.<\/p>\n<p>A estrat\u00e9gia do presidente em construir apoio na regi\u00e3o esbarra n\u00e3o apenas na resist\u00eancia de parlamentares da oposi\u00e7\u00e3o, mas, tamb\u00e9m, de partidos de centro.<\/p>\n<p>Deputados da regi\u00e3o dizem que o governo n\u00e3o vai ter suporte na base de agrados, que dir\u00e1 no discurso de radicaliza\u00e7\u00e3o.<\/p>\n<p><strong>\u2026 \u00e9 mais embaixo \/\/<\/strong> O problema em construir apoio passa pelo Nordeste, mas vai al\u00e9m. Afinal, a constru\u00e7\u00e3o da base governista no Parlamento est\u00e1 nos l\u00edderes.<\/p>\n<p>Na C\u00e2mara, tirando a oposi\u00e7\u00e3o, oito partidos s\u00e3o liderados por deputados nordestinos que, juntos, comandam 184 deputados.<\/p>\n<p>S\u00e3o os casos do PSC, Cidadania, PP, PL, PSD, Solidariedade, DEM e PTB. E, por ora, \u00e9 baixa a disposi\u00e7\u00e3o para compor com o governo. O l\u00edder do Cidadania, Daniel Coelho (PE), por exemplo, garante que n\u00e3o h\u00e1 nenhuma pretens\u00e3o do partido em \u201cser governo\u201d.<\/p>\n<p><strong>Op\u00e7\u00f5es contra greve I \/<\/strong>\/O ministro da Infraestrutura, Tarc\u00edsio de Freitas, tenta encontrar solu\u00e7\u00f5es adicionais para os problemas dos caminhoneiros.<\/p>\n<p>Em contato com l\u00edderes da categoria, ele se disp\u00f4s a estudar o cumprimento da fiscaliza\u00e7\u00e3o da chamada Lei do Descanso.<\/p>\n<p>Prometeu que pediria para a equipe t\u00e9cnica da pasta comandar estudos que apontem para a efic\u00e1cia da proposta.<\/p>\n<p><strong>Op\u00e7\u00f5es contra a greve II \/<\/strong>\/ O governo atribui os problemas do baixo custo do frete \u00e0 oferta muito maior de caminh\u00f5es do que a demanda pelos servi\u00e7os. Caminhoneiros trabalham em m\u00e9dia 16h por dia, o dobro das 8h di\u00e1rias previstas na Lei do Descanso.<\/p>\n<p>Parte das lideran\u00e7as da categoria sustenta que uma fiscaliza\u00e7\u00e3o dura o suficiente para punir quem descumpre a legisla\u00e7\u00e3o pode, na ponta, equilibrar a oferta e demanda.<\/p>\n","protected":false},"excerpt":{"rendered":"<p>Coluna Bras\u00edlia-DF\/ Por Leonardo Calvacanti (interino) Por mais desastrosa que a declara\u00e7\u00e3o de Jair Bolsonaro sobre nordestinos possa ter sido, a aus\u00eancia do governador da Bahia, Rui Costa (PT), na inaugura\u00e7\u00e3o do aeroporto de Vit\u00f3ria da Conquista, levou estrategistas do Planalto a comemorarem. A estrat\u00e9gia do pessoal que entrou em campo para gerenciar a crise aberta pelo pr\u00f3prio capit\u00e3o reformado [&hellip;]<\/p>\n","protected":false},"author":29,"featured_media":3946,"comment_status":"closed","ping_status":"closed","sticky":false,"template":"","format":"standard","meta":{"footnotes":""},"categories":[4],"tags":[28,144,145,143],"class_list":["post-3945","post","type-post","status-publish","format-standard","has-post-thumbnail","hentry","category-coluna-brasilia-df","tag-bolsonaro","tag-caminhoneiros","tag-greve","tag-nordeste"],"_links":{"self":[{"href":"https:\/\/blogs.correiobraziliense.com.br\/denise\/wp-json\/wp\/v2\/posts\/3945","targetHints":{"allow":["GET"]}}],"collection":[{"href":"https:\/\/blogs.correiobraziliense.com.br\/denise\/wp-json\/wp\/v2\/posts"}],"about":[{"href":"https:\/\/blogs.correiobraziliense.com.br\/denise\/wp-json\/wp\/v2\/types\/post"}],"author":[{"embeddable":true,"href":"https:\/\/blogs.correiobraziliense.com.br\/denise\/wp-json\/wp\/v2\/users\/29"}],"replies":[{"embeddable":true,"href":"https:\/\/blogs.correiobraziliense.com.br\/denise\/wp-json\/wp\/v2\/comments?post=3945"}],"version-history":[{"count":1,"href":"https:\/\/blogs.correiobraziliense.com.br\/denise\/wp-json\/wp\/v2\/posts\/3945\/revisions"}],"predecessor-version":[{"id":3947,"href":"https:\/\/blogs.correiobraziliense.com.br\/denise\/wp-json\/wp\/v2\/posts\/3945\/revisions\/3947"}],"wp:featuredmedia":[{"embeddable":true,"href":"https:\/\/blogs.correiobraziliense.com.br\/denise\/wp-json\/wp\/v2\/media\/3946"}],"wp:attachment":[{"href":"https:\/\/blogs.correiobraziliense.com.br\/denise\/wp-json\/wp\/v2\/media?parent=3945"}],"wp:term":[{"taxonomy":"category","embeddable":true,"href":"https:\/\/blogs.correiobraziliense.com.br\/denise\/wp-json\/wp\/v2\/categories?post=3945"},{"taxonomy":"post_tag","embeddable":true,"href":"https:\/\/blogs.correiobraziliense.com.br\/denise\/wp-json\/wp\/v2\/tags?post=3945"}],"curies":[{"name":"wp","href":"https:\/\/api.w.org\/{rel}","templated":true}]}}