{"id":3937,"date":"2019-07-21T11:15:55","date_gmt":"2019-07-21T14:15:55","guid":{"rendered":"https:\/\/blogs.correiobraziliense.com.br\/denise\/?p=3937"},"modified":"2019-07-21T11:15:55","modified_gmt":"2019-07-21T14:15:55","slug":"com-paraibas-bolsonaro-embica-no-discurso-radical","status":"publish","type":"post","link":"https:\/\/blogs.correiobraziliense.com.br\/denise\/com-paraibas-bolsonaro-embica-no-discurso-radical\/","title":{"rendered":"Com &#8220;para\u00edbas&#8221;, Bolsonaro embica no discurso radical"},"content":{"rendered":"<h6><strong>Coluna Bras\u00edlia-DF\/ Por Leonardo Calvacanti (interino)\u00a0<\/strong><\/h6>\n<p>Os voos solos do presidente Jair Bolsonaro assustam ministros e assessores mais cautelosos da Esplanada. O capit\u00e3o reformado a cada dia parece mais confort\u00e1vel no cargo, mas o que poderia ser uma boa not\u00edcia leva ao desespero qualquer gerenciador de crises. Uma coisa \u00e9 ele fazer movimentos em dire\u00e7\u00e3o a grupos mais conservadores, que garantem uma base consider\u00e1vel para se sustentar mesmo quando a economia n\u00e3o mostra resultados. Outra, \u00e9 negar n\u00fameros como o da fome no pa\u00eds ou avan\u00e7ar no preconceito cl\u00e1ssico e esp\u00fario contra nordestinos \u2014 mesmo que n\u00e3o soubesse que o microfone estava aberto.<\/p>\n<p>A falta de ministros nordestinos no time de Bolsonaro sempre foi um indicativo da dificuldade do presidente em perceber a pluralidade do pa\u00eds. Agora, com a frase do capit\u00e3o reformado, revela algo mais profundo. Dos \u00faltimos epis\u00f3dios da semana \u2014 desde a indica\u00e7\u00e3o do filho para a embaixada dos EUA, passando pelas declara\u00e7\u00f5es contra o cinema brasileiro e terminando nos \u201cpara\u00edbas\u201d \u2014 resta saber que o presidente est\u00e1 confort\u00e1vel no cargo, como se estivesse em casa. A pr\u00f3xima a\u00e7\u00e3o pode ser chamar um parlamentar que aceite colocar um chap\u00e9u de cangaceiro para aparecer de papagaio de pirata nas imagens de Bolsonaro. A ver.<\/p>\n<h2>\n<strong>\u00c9 agrot\u00f3xico demais<\/strong><\/h2>\n<p>Antes do recesso, o deputado Luiz Fl\u00e1vio Gomes (PSB-SP) apresentou projeto que revoga dispositivo que reduz a zero as al\u00edquotas do PIS\/Pasep e da Cofins para importa\u00e7\u00e3o e comercializa\u00e7\u00e3o no mercado interno de defensivos agropecu\u00e1rios. O Brasil \u00e9 o maior consumidor em n\u00fameros absolutos de agrot\u00f3xicos no mundo. O Ibama lan\u00e7ou dados em 2017 que destacam o uso de 539,9 mil toneladas de pesticidas naquele ano.<\/p>\n<h2><strong>Resultados no sert\u00e3o<\/strong><\/h2>\n<p>Uma opera\u00e7\u00e3o de quase um m\u00eas da Pol\u00edcia Federal no sert\u00e3o pernambucano \u00e9 vista por delegados como case de sucesso. A corpora\u00e7\u00e3o conseguiu asfixiar o tr\u00e1fico local de uma maneira tal que, para suprir a demanda, traficantes precisam importar maconha do Paraguai. O resultado \u00e9 a redu\u00e7\u00e3o de homic\u00eddios no Pol\u00edgono da Maconha. O pr\u00f3ximo passo \u00e9 trabalhar com policiais paraguaios as tentativas de estancar a outra ponta de distribui\u00e7\u00e3o.<\/p>\n<h2>\n<strong>CURTIDAS<\/strong><\/h2>\n<p><strong>Tribut\u00e1ria I \/\/<\/strong> Uma cr\u00edtica \u00e0 proposta de emenda \u00e0 Constitui\u00e7\u00e3o (PEC) \u2014 que est\u00e1 na C\u00e2mara e foi elaborada pelo Centro de Cidadania Fiscal (CCiF), liderado pelo ex-secret\u00e1rio de Pol\u00edtica Econ\u00f4mica Bernard Appy \u2014 \u00e9 que o texto foi gestado na academia. Vale lembrar, por\u00e9m, que o embri\u00e3o do Plano Real \u00e9 um paper feito pelos economistas Andr\u00e9 Lara Rezende e P\u00e9rsio Arida produzido na PUC-Rio, em 1983. O trabalho ficou conhecido como \u201cProposta Larida\u201d.<\/p>\n<p><strong>Tribut\u00e1ria II \/\/<\/strong> A PEC paralela sobre o regime previdenci\u00e1rio de estados e munic\u00edpios pode at\u00e9 ser uma solu\u00e7\u00e3o para n\u00e3o mexer no texto da Previd\u00eancia aprovado no primeiro turno da C\u00e2mara, mas a tend\u00eancia \u00e9 de que atrapalhe a reforma tribut\u00e1ria. At\u00e9 mesmo os entusiastas das mudan\u00e7as nas regras dos impostos n\u00e3o acreditam que governadores e prefeitos ter\u00e3o est\u00edmulo suficiente para aprovar tantas altera\u00e7\u00f5es nas regras das administra\u00e7\u00f5es, principalmente em ano eleitoral, como 2020.<\/p>\n<p><strong>Tribut\u00e1ria III \/\/<\/strong> Al\u00e9m de ser relator da reforma tribut\u00e1ria na comiss\u00e3o especial, o l\u00edder da Maioria na C\u00e2mara, Aguinaldo Ribeiro (PP-PB), \u00e9 o principal cotado para assumir o papel de relator do projeto de lei que regulamenta o lobby. A ex-deputada Cristiane Brasil, que relatou a mat\u00e9ria no ano passado, n\u00e3o foi reeleita. Segundo uma pessoa pr\u00f3xima ao deputado, ele \u201ctem conversado bastante\u201d com o presidente Rodrigo Maia (DEM-RJ) sobre o assunto.<\/p>\n<p><strong>Tribut\u00e1ria IV \/\/<\/strong> O projeto est\u00e1 pronto para vota\u00e7\u00e3o no plen\u00e1rio e voltou ao radar dos deputados. O substitutivo de Cristiane Brasil permite que a atividade de lobista seja exercida por pessoas e entidades representativas de interesses coletivos, desde que se cadastrem nos \u00f3rg\u00e3os em que v\u00e3o atuar. As reuni\u00f5es com representantes do governo passar\u00e3o a ser registradas, com data, hor\u00e1rio, local, participantes e motivo do encontro.<\/p>\n<p><em>Colaborou Alessandra Azevedo<\/em><\/p>\n","protected":false},"excerpt":{"rendered":"<p>Coluna Bras\u00edlia-DF\/ Por Leonardo Calvacanti (interino)\u00a0 Os voos solos do presidente Jair Bolsonaro assustam ministros e assessores mais cautelosos da Esplanada. O capit\u00e3o reformado a cada dia parece mais confort\u00e1vel no cargo, mas o que poderia ser uma boa not\u00edcia leva ao desespero qualquer gerenciador de crises. Uma coisa \u00e9 ele fazer movimentos em dire\u00e7\u00e3o a grupos mais conservadores, que [&hellip;]<\/p>\n","protected":false},"author":29,"featured_media":3938,"comment_status":"closed","ping_status":"closed","sticky":false,"template":"","format":"standard","meta":{"footnotes":""},"categories":[4],"tags":[],"class_list":["post-3937","post","type-post","status-publish","format-standard","has-post-thumbnail","hentry","category-coluna-brasilia-df"],"_links":{"self":[{"href":"https:\/\/blogs.correiobraziliense.com.br\/denise\/wp-json\/wp\/v2\/posts\/3937","targetHints":{"allow":["GET"]}}],"collection":[{"href":"https:\/\/blogs.correiobraziliense.com.br\/denise\/wp-json\/wp\/v2\/posts"}],"about":[{"href":"https:\/\/blogs.correiobraziliense.com.br\/denise\/wp-json\/wp\/v2\/types\/post"}],"author":[{"embeddable":true,"href":"https:\/\/blogs.correiobraziliense.com.br\/denise\/wp-json\/wp\/v2\/users\/29"}],"replies":[{"embeddable":true,"href":"https:\/\/blogs.correiobraziliense.com.br\/denise\/wp-json\/wp\/v2\/comments?post=3937"}],"version-history":[{"count":2,"href":"https:\/\/blogs.correiobraziliense.com.br\/denise\/wp-json\/wp\/v2\/posts\/3937\/revisions"}],"predecessor-version":[{"id":3940,"href":"https:\/\/blogs.correiobraziliense.com.br\/denise\/wp-json\/wp\/v2\/posts\/3937\/revisions\/3940"}],"wp:featuredmedia":[{"embeddable":true,"href":"https:\/\/blogs.correiobraziliense.com.br\/denise\/wp-json\/wp\/v2\/media\/3938"}],"wp:attachment":[{"href":"https:\/\/blogs.correiobraziliense.com.br\/denise\/wp-json\/wp\/v2\/media?parent=3937"}],"wp:term":[{"taxonomy":"category","embeddable":true,"href":"https:\/\/blogs.correiobraziliense.com.br\/denise\/wp-json\/wp\/v2\/categories?post=3937"},{"taxonomy":"post_tag","embeddable":true,"href":"https:\/\/blogs.correiobraziliense.com.br\/denise\/wp-json\/wp\/v2\/tags?post=3937"}],"curies":[{"name":"wp","href":"https:\/\/api.w.org\/{rel}","templated":true}]}}