{"id":3924,"date":"2019-07-18T08:15:29","date_gmt":"2019-07-18T11:15:29","guid":{"rendered":"https:\/\/blogs.correiobraziliense.com.br\/denise\/?p=3924"},"modified":"2019-07-18T08:15:29","modified_gmt":"2019-07-18T11:15:29","slug":"procurador-de-goias-e-apontado-como-o-nome-de-bolsonaro-para-pgr","status":"publish","type":"post","link":"https:\/\/blogs.correiobraziliense.com.br\/denise\/procurador-de-goias-e-apontado-como-o-nome-de-bolsonaro-para-pgr\/","title":{"rendered":"Procurador de Goi\u00e1s \u00e9 apontado como o nome de Bolsonaro para PGR"},"content":{"rendered":"<h6><strong>Coluna Bras\u00edlia-DF\/ Por Leonardo Calvacanti<\/strong><\/h6>\n<p>O presidente Jair Bolsonaro trabalha com um nome para o cargo de procurador-geral da Rep\u00fablica que \u00e9 elogiado pelos integrantes do PSL, mas temido pelos setores mais progressistas do Minist\u00e9rio P\u00fablico: A\u00edlton Benedito Souza.<\/p>\n<p>Lotado em Goi\u00e1s, Benedito, segundo parlamentares, \u00e9 quem mais se aproxima das ideias do capit\u00e3o reformado. O objetivo \u00e9 que o an\u00fancio ocorra na primeira quinzena de agosto.<\/p>\n","protected":false},"excerpt":{"rendered":"<p>Coluna Bras\u00edlia-DF\/ Por Leonardo Calvacanti O presidente Jair Bolsonaro trabalha com um nome para o cargo de procurador-geral da Rep\u00fablica que \u00e9 elogiado pelos integrantes do PSL, mas temido pelos setores mais progressistas do Minist\u00e9rio P\u00fablico: A\u00edlton Benedito Souza. Lotado em Goi\u00e1s, Benedito, segundo parlamentares, \u00e9 quem mais se aproxima das ideias do capit\u00e3o reformado. O objetivo \u00e9 que o [&hellip;]<\/p>\n","protected":false},"author":29,"featured_media":3928,"comment_status":"closed","ping_status":"closed","sticky":false,"template":"","format":"standard","meta":{"footnotes":""},"categories":[4],"tags":[],"class_list":["post-3924","post","type-post","status-publish","format-standard","has-post-thumbnail","hentry","category-coluna-brasilia-df"],"_links":{"self":[{"href":"https:\/\/blogs.correiobraziliense.com.br\/denise\/wp-json\/wp\/v2\/posts\/3924","targetHints":{"allow":["GET"]}}],"collection":[{"href":"https:\/\/blogs.correiobraziliense.com.br\/denise\/wp-json\/wp\/v2\/posts"}],"about":[{"href":"https:\/\/blogs.correiobraziliense.com.br\/denise\/wp-json\/wp\/v2\/types\/post"}],"author":[{"embeddable":true,"href":"https:\/\/blogs.correiobraziliense.com.br\/denise\/wp-json\/wp\/v2\/users\/29"}],"replies":[{"embeddable":true,"href":"https:\/\/blogs.correiobraziliense.com.br\/denise\/wp-json\/wp\/v2\/comments?post=3924"}],"version-history":[{"count":2,"href":"https:\/\/blogs.correiobraziliense.com.br\/denise\/wp-json\/wp\/v2\/posts\/3924\/revisions"}],"predecessor-version":[{"id":3929,"href":"https:\/\/blogs.correiobraziliense.com.br\/denise\/wp-json\/wp\/v2\/posts\/3924\/revisions\/3929"}],"wp:featuredmedia":[{"embeddable":true,"href":"https:\/\/blogs.correiobraziliense.com.br\/denise\/wp-json\/wp\/v2\/media\/3928"}],"wp:attachment":[{"href":"https:\/\/blogs.correiobraziliense.com.br\/denise\/wp-json\/wp\/v2\/media?parent=3924"}],"wp:term":[{"taxonomy":"category","embeddable":true,"href":"https:\/\/blogs.correiobraziliense.com.br\/denise\/wp-json\/wp\/v2\/categories?post=3924"},{"taxonomy":"post_tag","embeddable":true,"href":"https:\/\/blogs.correiobraziliense.com.br\/denise\/wp-json\/wp\/v2\/tags?post=3924"}],"curies":[{"name":"wp","href":"https:\/\/api.w.org\/{rel}","templated":true}]}}