{"id":3923,"date":"2019-07-18T08:06:00","date_gmt":"2019-07-18T11:06:00","guid":{"rendered":"https:\/\/blogs.correiobraziliense.com.br\/denise\/?p=3923"},"modified":"2019-07-18T08:06:00","modified_gmt":"2019-07-18T11:06:00","slug":"witzel-irrita-membros-do-ministerio-da-justica-ao-pedir-fim-do-depen","status":"publish","type":"post","link":"https:\/\/blogs.correiobraziliense.com.br\/denise\/witzel-irrita-membros-do-ministerio-da-justica-ao-pedir-fim-do-depen\/","title":{"rendered":"Witzel irrita membros do Minist\u00e9rio da Justi\u00e7a ao pedir fim do Depen"},"content":{"rendered":"<h6><strong>Coluna Bras\u00edlia-DF\/Por Leonardo Calvacanti<\/strong><\/h6>\n<p>Autor de frases e a\u00e7\u00f5es controversas para repercutir nas redes sociais \u2014 como aquela em que defendeu o \u201cabate\u201d de criminosos ou quando fez um sobrevoo rasante nas comunidades fluminenses \u2014, o governador do Rio de Janeiro, Wilson Witzel, desta vez desagradou o pessoal t\u00e9cnico respons\u00e1vel pelas pol\u00edticas de seguran\u00e7a na Esplanada.<\/p>\n<p>Pegou mal uma declara\u00e7\u00e3o em que ele pede o fim do Departamento Penitenci\u00e1rio Nacional (Depen), \u00f3rg\u00e3o federal subordinado ao Minist\u00e9rio da Justi\u00e7a. \u201cQueremos construir 10 pres\u00eddios verticais. Para aprovar, no Depen, me falaram que demora um ano. A\u00ed eu pedi ao presidente para extinguir esse \u00f3rg\u00e3o. Ele falou que vai trabalhar\u201d, disse na ter\u00e7a-feira. O Depen respondeu no mesmo dia, em nota aberta, citando repasses de verbas e pr\u00e9-requisitos.<br \/>\n\u00bb \u00bb \u00bb<\/p>\n<p>Nos bastidores, entretanto, a bronca com a declara\u00e7\u00e3o sem base em dados e informa\u00e7\u00f5es de Witzel foi geral na pasta da Justi\u00e7a e da Seguran\u00e7a P\u00fablica. A quest\u00e3o \u00e9 que, bem ou mal, o Depen tem uma mem\u00f3ria de pol\u00edticas e projetos sobre o sistema penitenci\u00e1rio.<\/p>\n<p>O fim do \u00f3rg\u00e3o a partir de uma declara\u00e7\u00e3o impensada \u2014 ou de pura marquetagem \u2014 de um governador de estado \u00e9 algo que esbarra na burocracia mais forte e positiva de Bras\u00edlia.<\/p>\n<h2><strong>Interven\u00e7\u00e3o I<\/strong><\/h2>\n<p>Questionado sobre a necessidade de interven\u00e7\u00e3o federal neste momento em algum estado, o secret\u00e1rio nacional de Seguran\u00e7a P\u00fablica, general Guilherme Theophilo, disse que n\u00e3o v\u00ea necessidade, principalmente diante da queda nos \u00edndices de criminalidade no pa\u00eds, inclusive no Rio.<\/p>\n<p>Theophilo, inclusive, foi um dos \u00fanicos oficiais do Alto Comando do Ex\u00e9rcito a deixar clara a posi\u00e7\u00e3o contr\u00e1ria \u00e0 a\u00e7\u00e3o federal no ano passado, por consider\u00e1-la pol\u00edtica. Na \u00e9poca, os generais foram surpreendidos com a a\u00e7\u00e3o de Michel Temer, logo depois do carnaval, em 16 de fevereiro de 2018.<\/p>\n<h2>\n<strong>Interven\u00e7\u00e3o II<\/strong><\/h2>\n<p>Em entrevista ao programa <em>CB.Poder<\/em>, uma parceria entre o <strong>Correio<\/strong> e <em>TV Bras\u00edlia<\/em>, Theophilo elogiou o trabalho dos generais Braga Neto e Richard Nunes. \u201cFoi um trabalho de gest\u00e3o e de organiza\u00e7\u00e3o. Trabalho esse que foi todo perdido agora com o novo governador. Tudo o que foi feito foi desfeito.\u201d O Rio n\u00e3o tem mais secret\u00e1rio de seguran\u00e7a. \u201cS\u00e3o tr\u00eas secret\u00e1rios respondendo por uma pasta muito dif\u00edcil. \u00c9 uma nova ideia do governador, mas \u00e9 um problema que o Rio de Janeiro vai enfrentar e vai ter que solucionar com os seus pr\u00f3prios recursos e meios.\u201d<\/p>\n<p><strong>Conselhos de \u00c9tica I\/<\/strong> Enquanto o PDT abriu processo contra oito dos 27 deputados que votaram a favor da reforma da Previd\u00eancia, caciques do PSB j\u00e1 falam sobre a necessidade de punir os parlamentares. Eles lembram que, na \u00e9poca da reforma trabalhista do governo Temer, 13 dos 34 deputados foram processados pelo Conselho de \u00c9tica e acabaram chegando a acordo com a dire\u00e7\u00e3o partid\u00e1ria. Dessa vez, 11 dos 32 apoiaram o texto do Planalto.<\/p>\n<p><strong>Conselhos de \u00c9tica II\/<\/strong> A tend\u00eancia, tanto no PDT quanto PSB, \u00e9 que o resultado dos processos s\u00f3 saia depois de encerrada a tramita\u00e7\u00e3o na C\u00e2mara, considerando as chances remotas de que algum parlamentar volte atr\u00e1s. Alguns deputados do PSB, como Felipe Rigoni (ES), depois de participar de reuni\u00e3o da bancada, foi \u00e0 tribuna para defender o texto da Previd\u00eancia, sem citar a legenda, fazendo apenas men\u00e7\u00e3o ao Movimento Acredito, do qual faz parte.<\/p>\n<p><strong>Conselho de \u00c9tica III\/<\/strong> Em entrevista \u00e0 coluna, Rigoni disse que estava ciente das consequ\u00eancias do voto. \u201cEst\u00e1 no estatuto do partido, mas n\u00e3o fiz por retalia\u00e7\u00e3o, isso n\u00e3o aconteceu. N\u00e3o acho que um deputado deva ser expulso por um voto, mas pela atua\u00e7\u00e3o. Se o partido avaliar o conjunto e considerar que deve expulsar&#8230; De minha parte, n\u00e3o quero sair, n\u00e3o trabalho com tal possibilidade\u201d, diz ele, que tem 10 dias para apresentar a defesa.<\/p>\n<p><strong>Conselho de \u00e9tica IV\/ <\/strong>O presidente nacional do PSB, Carlos Siqueira (foto), defendeu uma autorreflex\u00e3o dos progressistas e a reaproxima\u00e7\u00e3o com a popula\u00e7\u00e3o mais pobre, segundo ele, prejudicada com a reforma. \u201cEsta n\u00e3o \u00e9 a primeira vez que o PSB enfrenta esse tipo de situa\u00e7\u00e3o. Mas o partido o faz sem temor, porque o que est\u00e1 em jogo \u00e9 a sua hist\u00f3ria e os seus compromissos com a popula\u00e7\u00e3o mais pobre. O partido nunca fez concess\u00f5es a injusti\u00e7as sociais e honrar\u00e1 seu compromisso.\u201d<\/p>\n<p><em>Colaborou Rodolfo Costa<\/em><\/p>\n","protected":false},"excerpt":{"rendered":"<p>Coluna Bras\u00edlia-DF\/Por Leonardo Calvacanti Autor de frases e a\u00e7\u00f5es controversas para repercutir nas redes sociais \u2014 como aquela em que defendeu o \u201cabate\u201d de criminosos ou quando fez um sobrevoo rasante nas comunidades fluminenses \u2014, o governador do Rio de Janeiro, Wilson Witzel, desta vez desagradou o pessoal t\u00e9cnico respons\u00e1vel pelas pol\u00edticas de seguran\u00e7a na Esplanada. Pegou mal uma declara\u00e7\u00e3o [&hellip;]<\/p>\n","protected":false},"author":29,"featured_media":3925,"comment_status":"closed","ping_status":"closed","sticky":false,"template":"","format":"standard","meta":{"footnotes":""},"categories":[4],"tags":[],"class_list":["post-3923","post","type-post","status-publish","format-standard","has-post-thumbnail","hentry","category-coluna-brasilia-df"],"_links":{"self":[{"href":"https:\/\/blogs.correiobraziliense.com.br\/denise\/wp-json\/wp\/v2\/posts\/3923","targetHints":{"allow":["GET"]}}],"collection":[{"href":"https:\/\/blogs.correiobraziliense.com.br\/denise\/wp-json\/wp\/v2\/posts"}],"about":[{"href":"https:\/\/blogs.correiobraziliense.com.br\/denise\/wp-json\/wp\/v2\/types\/post"}],"author":[{"embeddable":true,"href":"https:\/\/blogs.correiobraziliense.com.br\/denise\/wp-json\/wp\/v2\/users\/29"}],"replies":[{"embeddable":true,"href":"https:\/\/blogs.correiobraziliense.com.br\/denise\/wp-json\/wp\/v2\/comments?post=3923"}],"version-history":[{"count":1,"href":"https:\/\/blogs.correiobraziliense.com.br\/denise\/wp-json\/wp\/v2\/posts\/3923\/revisions"}],"predecessor-version":[{"id":3926,"href":"https:\/\/blogs.correiobraziliense.com.br\/denise\/wp-json\/wp\/v2\/posts\/3923\/revisions\/3926"}],"wp:featuredmedia":[{"embeddable":true,"href":"https:\/\/blogs.correiobraziliense.com.br\/denise\/wp-json\/wp\/v2\/media\/3925"}],"wp:attachment":[{"href":"https:\/\/blogs.correiobraziliense.com.br\/denise\/wp-json\/wp\/v2\/media?parent=3923"}],"wp:term":[{"taxonomy":"category","embeddable":true,"href":"https:\/\/blogs.correiobraziliense.com.br\/denise\/wp-json\/wp\/v2\/categories?post=3923"},{"taxonomy":"post_tag","embeddable":true,"href":"https:\/\/blogs.correiobraziliense.com.br\/denise\/wp-json\/wp\/v2\/tags?post=3923"}],"curies":[{"name":"wp","href":"https:\/\/api.w.org\/{rel}","templated":true}]}}