{"id":3919,"date":"2019-07-17T08:05:02","date_gmt":"2019-07-17T11:05:02","guid":{"rendered":"https:\/\/blogs.correiobraziliense.com.br\/denise\/?p=3919"},"modified":"2019-07-17T08:07:24","modified_gmt":"2019-07-17T11:07:24","slug":"itamaraty-planeja-eduardo-bolsonaro-como-embaixador-simbolico","status":"publish","type":"post","link":"https:\/\/blogs.correiobraziliense.com.br\/denise\/itamaraty-planeja-eduardo-bolsonaro-como-embaixador-simbolico\/","title":{"rendered":"Itamaraty planeja Eduardo Bolsonaro como um embaixador simb\u00f3lico"},"content":{"rendered":"<h6><strong>Coluna Bras\u00edlia-DF<\/strong><\/h6>\n<p>Caso se confirme no Senado a indica\u00e7\u00e3o do filho do presidente Jair Bolsonaro para a embaixada nos Estados Unidos, integrantes do Itamaraty j\u00e1 t\u00eam um plano para reduzir danos. Na pr\u00e1tica, Eduardo Bolsonaro seria o chefe simb\u00f3lico da representa\u00e7\u00e3o em Washington e teria como executivo o diplomata Nestor Foster, inicialmente cotado para o cargo com a volta ao Brasil de S\u00e9rgio Amaral, ainda no in\u00edcio de abril.<\/p>\n<p>\u00bb \u00bb \u00bb<\/p>\n<p>Quem conhece os ritos e personagens do Itamaraty acredita que Foster, mesmo posposto por Jair Bolsonaro, se empenharia na tarefa de fazer o trabalho pesado neste primeiro momento. Do grupo de Ernesto Ara\u00fajo, Foster \u00e9 considerado um aliado fiel. Foi ele, inclusive, quem teria apresentado o guru Olavo de Carvalho \u2014 olha ele a\u00ed de novo \u2014 para o atual chanceler brasileiro.<\/p>\n<h2><strong>Pap\u00e9is definidos<\/strong><\/h2>\n<p>A eventual configura\u00e7\u00e3o na embaixada dos EUA com a confirma\u00e7\u00e3o de Eduardo Bolsonaro funcionaria da seguinte forma: enquanto o deputado lidaria com os olavistas e seguidores mais \u201craiz\u201d do presidente Donald Trump, Foster seria um embaixador alterno, respons\u00e1vel em lidar com o lado operacional da representa\u00e7\u00e3o brasileira em Washington.<\/p>\n<h2><strong>Fun\u00e7\u00f5es internas<\/strong><\/h2>\n<p>Tal combina\u00e7\u00e3o seria voltada para o cotidiano na embaixada, dada a pouca ou nenhuma familiaridade de Eduardo Bolsonaro com a diplomacia ou com os ritos do Minist\u00e9rio das Rela\u00e7\u00f5es Exteriores. Da porta para fora do pr\u00e9dio localizado na Avenida Massachusetts, n\u00famero 3006, o filho do presidente seria efetivamente o chefe da embaixada.<\/p>\n<h2><strong>Piadas brasilienses<\/strong><\/h2>\n<p>Com Bras\u00edlia em ritmo de f\u00e9rias, os funcion\u00e1rios mais graduados da Esplanada trocam memes sobre a eventual ida do filho do presidente para Washington. Vale lembrar que, para ser confirmado como chefe diplom\u00e1tico nos EUA, Eduardo Bolsonaro dever\u00e1 passar pelo crivo dos senadores durante uma sabatina. Resta saber quem ser\u00e1 o treinador do deputado federal para o desafio.<\/p>\n<h2><em><strong>Curtidas<\/strong><\/em><\/h2>\n<p><strong>Freio de m\u00e3o I \/<\/strong> <a href=\"https:\/\/blogs.correiobraziliense.com.br\/denise\/lava-jato-em-curitiba-com-freio-de-mao-puxado\/\">A coluna de ontem mostrou que a troca de comando na opera\u00e7\u00e3o Lava-Jato pelo lado da Pol\u00edcia Federal deu uma travada nas investiga\u00e7\u00f5es<\/a>, algo natural pela falta de mem\u00f3ria para tra\u00e7ar novas a\u00e7\u00f5es. Mas h\u00e1 outro componente a ser considerado: o substituto do ministro da Justi\u00e7a, S\u00e9rgio Moro, na 13\u00aa Vara Federal, em Curitiba.<\/p>\n<p><strong>Freio de m\u00e3o II \/<\/strong> Aprovado em fevereiro pelo Tribunal Regional Federal da 4\u00aa Regi\u00e3o para substituir S\u00e9rgio Moro, o juiz federal Luiz Antonio Bonat nunca havia atuado na \u00e1rea penal e \u00e9 considerado rigoroso pelos pr\u00f3prios pares. Assim, tem um tempo pr\u00f3prio para estudar os processos da Lava-Jato. A aposta \u00e9 que, ao tomar p\u00e9 dos autos por completo, a tend\u00eancia \u00e9 que o n\u00famero de despachos aumente.<\/p>\n<p><strong>Den\u00fancias \/<\/strong> Com a investiga\u00e7\u00e3o aberta contra ele na Corregedoria Nacional do Minist\u00e9rio P\u00fablico, o procurador Deltan Dallagnol tem n\u00fameros favor\u00e1veis para apresentar em rela\u00e7\u00e3o ao trabalho da for\u00e7a-tarefa da Lava-Jato. No primeiro semestre deste ano, foram apresentadas 17 den\u00fancias at\u00e9 agora, contra 14 durante os 12 meses de 2017 e 14 em 2018.<\/p>\n<p><strong>Livro \/<\/strong> No pr\u00f3ximo dia 22, a escritora L\u00e9lia Almeida lan\u00e7a, em Bras\u00edlia, o livro Numa estrada sem fim que carrego aqui dentro. O evento ser\u00e1 no Pinella (CLN 408, bloco B, loja 20), a partir das 18h. O livro re\u00fane 100 textos \u2014 minicontos, cr\u00f4nicas, pequenos ensaios e poemas em prosa \u2014 que constituem o volume 9 da S\u00e9rie Lilliput da editora ga\u00facha Casa Verde.<\/p>\n","protected":false},"excerpt":{"rendered":"<p>Coluna Bras\u00edlia-DF Caso se confirme no Senado a indica\u00e7\u00e3o do filho do presidente Jair Bolsonaro para a embaixada nos Estados Unidos, integrantes do Itamaraty j\u00e1 t\u00eam um plano para reduzir danos. Na pr\u00e1tica, Eduardo Bolsonaro seria o chefe simb\u00f3lico da representa\u00e7\u00e3o em Washington e teria como executivo o diplomata Nestor Foster, inicialmente cotado para o cargo com a volta ao [&hellip;]<\/p>\n","protected":false},"author":29,"featured_media":3920,"comment_status":"closed","ping_status":"closed","sticky":false,"template":"","format":"standard","meta":{"footnotes":""},"categories":[4],"tags":[138,137,101,140],"class_list":["post-3919","post","type-post","status-publish","format-standard","has-post-thumbnail","hentry","category-coluna-brasilia-df","tag-eduardo-bolsonaro","tag-embaixada","tag-eua","tag-itamaraty"],"_links":{"self":[{"href":"https:\/\/blogs.correiobraziliense.com.br\/denise\/wp-json\/wp\/v2\/posts\/3919","targetHints":{"allow":["GET"]}}],"collection":[{"href":"https:\/\/blogs.correiobraziliense.com.br\/denise\/wp-json\/wp\/v2\/posts"}],"about":[{"href":"https:\/\/blogs.correiobraziliense.com.br\/denise\/wp-json\/wp\/v2\/types\/post"}],"author":[{"embeddable":true,"href":"https:\/\/blogs.correiobraziliense.com.br\/denise\/wp-json\/wp\/v2\/users\/29"}],"replies":[{"embeddable":true,"href":"https:\/\/blogs.correiobraziliense.com.br\/denise\/wp-json\/wp\/v2\/comments?post=3919"}],"version-history":[{"count":2,"href":"https:\/\/blogs.correiobraziliense.com.br\/denise\/wp-json\/wp\/v2\/posts\/3919\/revisions"}],"predecessor-version":[{"id":3922,"href":"https:\/\/blogs.correiobraziliense.com.br\/denise\/wp-json\/wp\/v2\/posts\/3919\/revisions\/3922"}],"wp:featuredmedia":[{"embeddable":true,"href":"https:\/\/blogs.correiobraziliense.com.br\/denise\/wp-json\/wp\/v2\/media\/3920"}],"wp:attachment":[{"href":"https:\/\/blogs.correiobraziliense.com.br\/denise\/wp-json\/wp\/v2\/media?parent=3919"}],"wp:term":[{"taxonomy":"category","embeddable":true,"href":"https:\/\/blogs.correiobraziliense.com.br\/denise\/wp-json\/wp\/v2\/categories?post=3919"},{"taxonomy":"post_tag","embeddable":true,"href":"https:\/\/blogs.correiobraziliense.com.br\/denise\/wp-json\/wp\/v2\/tags?post=3919"}],"curies":[{"name":"wp","href":"https:\/\/api.w.org\/{rel}","templated":true}]}}